{"id":1066,"date":"2020-07-14T11:51:00","date_gmt":"2020-07-14T08:51:00","guid":{"rendered":"https:\/\/trmedya.co\/blog\/?p=1066"},"modified":"2023-01-25T13:18:03","modified_gmt":"2023-01-25T10:18:03","slug":"instagram-hikayelere-muzik-nasil-eklenir","status":"publish","type":"post","link":"https:\/\/trmedya.co\/blog\/instagram-hikayelere-muzik-nasil-eklenir\/","title":{"rendered":"Instagram Hikayelere M\u00fczik Nas\u0131l Eklenir?"},"content":{"rendered":"\r\n<p>En yayg\u0131n uygulamalardan birisi olan Instagram uygulamas\u0131na her ge\u00e7en g\u00fcn bir yenilik daha ekleniyor. Uygulama i\u00e7erisinde bir\u00e7ok \u00f6zellik bulunuyor ve bu \u00f6zellikler s\u00fcrekli olarak de\u011fi\u015fim g\u00f6steriyor. Foto\u011fraf ve video payla\u015fma platformu olan Instagram uygulamas\u0131n\u0131n yeni \u00f6zelliklerinden birisi de m\u00fczik ekleme \u00f6zelli\u011fi oldu. \u0130nsanlar\u0131n bulunduklar\u0131 anlar\u0131 k\u0131sa bir \u015fekilde payla\u015ft\u0131klar\u0131 hikaye k\u0131sm\u0131nda \u015fimdi m\u00fczik ekleme \u00f6zelli\u011fi bulunuyor. Yeni getirilen bu \u00f6zellik neredeyse t\u00fcm kullan\u0131c\u0131lar\u0131n dikkatini \u00e7ekmi\u015f durumda. \u0130nsanlar s\u0131k s\u0131k bu \u00f6zelli\u011fi kullan\u0131yor ve payla\u015f\u0131mlar yap\u0131yor. Bu \u00f6zelli\u011fin \u00e7ok ilgi g\u00f6rmesi \u00fczerine insanlar bu konu hakk\u0131nda bilgi toplamaya ba\u015flad\u0131. Peki <strong>\u0131nstagram hikayelere m\u00fczik nas\u0131l eklenir?<\/strong><\/p>\r\n\r\n\r\n\r\n<h2 class=\"wp-block-heading\"><strong>Instagram Hikayeye M\u00fczik Ekleme<\/strong><\/h2>\r\n\r\n\r\n\r\n<p>Instagram uygulamas\u0131na getirilen m\u00fczik ekleme \u00f6zelli\u011fi yaln\u0131zca birka\u00e7 ad\u0131mla kullan\u0131labiliyor. Olduk\u00e7a basit ve pratik olan bu \u00f6zelli\u011fi kullanabilmek i\u00e7in;<\/p>\r\n\r\n\r\n\r\n<ul class=\"wp-block-list\">\r\n<li>\u0130lk olarak uygulamaya giri\u015f yap\u0131lmal\u0131d\u0131r.<\/li>\r\n<li>Uygulamaya giri\u015f yapan ki\u015fi hikaye k\u0131sm\u0131na gelerek yeni hikaye ekle se\u00e7ene\u011fini se\u00e7melidir.<\/li>\r\n<li>Hikaye b\u00f6l\u00fcm\u00fcnde di\u011fer \u00f6zelliklerin bulundu\u011fu yerden m\u00fczik yazan se\u00e7enek se\u00e7ilir.<\/li>\r\n<li>M\u00fczik se\u00e7ene\u011fi se\u00e7ilmeden \u00f6nce bir fotograf \u00e7ekilir veya galeriden eklenir.<\/li>\r\n<li>Ard\u0131ndan istenilen m\u00fczik arama butonundan se\u00e7ilir ve eklenir.<\/li>\r\n<li>M\u00fczik eklenirken s\u00f6zleri veya alb\u00fcm kapa\u011f\u0131 se\u00e7mek i\u00e7in ekrana dokunmak yeterlidir.<\/li>\r\n<\/ul>\r\n\r\n\r\n\r\n<p>Bu ad\u0131mlar uyguland\u0131\u011f\u0131nda kolayl\u0131kla m\u00fczik ekleme i\u015flemi yap\u0131l\u0131r. Kullan\u0131c\u0131lar taraf\u0131ndan s\u0131k\u00e7a sorulan <strong>\u0131nstagram hikayelere m\u00fczik nas\u0131l eklenir?<\/strong> Sorusunun cevab\u0131 bu kadar basittir. Kullan\u0131c\u0131lar i\u00e7in hi\u00e7bir s\u0131k\u0131nt\u0131 ya\u015fanmadan payla\u015f\u0131m yapmak m\u00fcmk\u00fcnd\u00fcr.<\/p>\r\n\r\n\r\n\r\n<figure class=\"wp-block-image size-large\"><a href=\"https:\/\/trmedya.co\/blog\/wp-content\/uploads\/2020\/07\/instagram-hikayelere-muzik-nasil-eklenir-2-1024x576.jpg\"><img loading=\"lazy\" decoding=\"async\" width=\"1024\" height=\"576\" class=\"wp-image-1069\" src=\"https:\/\/trmedya.co\/blog\/wp-content\/uploads\/2020\/07\/instagram-hikayelere-muzik-nasil-eklenir-2-1024x576.jpg\" alt=\"Instagram Hikayelere M\u00fczik Nas\u0131l Eklenir?\" title=\"\"><\/a>\r\n<figcaption>Instagram Hikayelere M\u00fczik Nas\u0131l Eklenir?<\/figcaption>\r\n<\/figure>\r\n\r\n\r\n\r\n<h2 class=\"wp-block-heading\"><strong>Foto\u011fraf Ekleme<\/strong><\/h2>\r\n\r\n\r\n\r\n<p>Kullan\u0131c\u0131lar <strong>\u0131nstagram hikayelere m\u00fczik nas\u0131l eklenir?<\/strong> Sorusuna yan\u0131t ararken foto\u011fraf ekleme k\u0131sm\u0131n\u0131 da merak ediyor. Foto\u011fraf eklemek i\u00e7in hikaye k\u0131sm\u0131ndan \u00e7ekmek ve eklemek m\u00fcmk\u00fcnd\u00fcr. Bunun yan\u0131nda galeriden se\u00e7ilen bir foto\u011fraf da eklenebilir. \u0130stenilen \u015fekilde foto\u011fraf eklemek m\u00fcmk\u00fcnd\u00fcr ve kullan\u0131c\u0131lar diledikleri gibi foto\u011fraf ekleyebilirler.<\/p>\r\n\r\n\r\n\r\n<h2 class=\"wp-block-heading\"><strong>M\u00fczik Se\u00e7me<\/strong><\/h2>\r\n\r\n\r\n\r\n<p>Instagram kullan\u0131c\u0131lar\u0131 <strong>\u0131nstagram hikayelere m\u00fczik nas\u0131l eklenir? <\/strong>Sorusu kadar nas\u0131l m\u00fczik se\u00e7eceklerini de ara\u015ft\u0131r\u0131yor. Bu konu olduk\u00e7a basit. Yap\u0131lmas\u0131 gereken hikaye k\u0131sm\u0131ndaki arama butonundan istenilen m\u00fczi\u011fi aratmak ve \u00fczerine t\u0131klayarak se\u00e7mek. M\u00fczik se\u00e7ildigi takdirde direk olarak eklenir ve \u00e7almaya ba\u015flar.<\/p>\r\n","protected":false},"excerpt":{"rendered":"<p>En yayg\u0131n uygulamalardan birisi olan Instagram uygulamas\u0131na her ge\u00e7en g\u00fcn bir yenilik daha ekleniyor. Uygulama i\u00e7erisinde bir\u00e7ok \u00f6zellik bulunuyor ve bu \u00f6zellikler s\u00fcrekli olarak de\u011fi\u015fim g\u00f6steriyor. Foto\u011fraf ve video payla\u015fma&#46;&#46;&#46;<\/p>\n","protected":false},"author":1,"featured_media":1067,"comment_status":"open","ping_status":"open","sticky":false,"template":"","format":"standard","meta":{"footnotes":""},"categories":[1],"tags":[56,125],"class_list":["post-1066","post","type-post","status-publish","format-standard","has-post-thumbnail","hentry","category-genel","tag-instagram","tag-instagram-hikayelere-muzik-ekleme"],"_links":{"self":[{"href":"https:\/\/trmedya.co\/blog\/wp-json\/wp\/v2\/posts\/1066","targetHints":{"allow":["GET"]}}],"collection":[{"href":"https:\/\/trmedya.co\/blog\/wp-json\/wp\/v2\/posts"}],"about":[{"href":"https:\/\/trmedya.co\/blog\/wp-json\/wp\/v2\/types\/post"}],"author":[{"embeddable":true,"href":"https:\/\/trmedya.co\/blog\/wp-json\/wp\/v2\/users\/1"}],"replies":[{"embeddable":true,"href":"https:\/\/trmedya.co\/blog\/wp-json\/wp\/v2\/comments?post=1066"}],"version-history":[{"count":0,"href":"https:\/\/trmedya.co\/blog\/wp-json\/wp\/v2\/posts\/1066\/revisions"}],"wp:featuredmedia":[{"embeddable":true,"href":"https:\/\/trmedya.co\/blog\/wp-json\/wp\/v2\/media\/1067"}],"wp:attachment":[{"href":"https:\/\/trmedya.co\/blog\/wp-json\/wp\/v2\/media?parent=1066"}],"wp:term":[{"taxonomy":"category","embeddable":true,"href":"https:\/\/trmedya.co\/blog\/wp-json\/wp\/v2\/categories?post=1066"},{"taxonomy":"post_tag","embeddable":true,"href":"https:\/\/trmedya.co\/blog\/wp-json\/wp\/v2\/tags?post=1066"}],"curies":[{"name":"wp","href":"https:\/\/api.w.org\/{rel}","templated":true}]}}