{"id":1131,"date":"2020-07-28T12:32:49","date_gmt":"2020-07-28T09:32:49","guid":{"rendered":"https:\/\/trmedya.co\/blog\/?p=1131"},"modified":"2023-01-16T10:03:08","modified_gmt":"2023-01-16T07:03:08","slug":"facebookta-gonderi-zamanlama-yapiliyor-mu","status":"publish","type":"post","link":"https:\/\/trmedya.co\/blog\/facebookta-gonderi-zamanlama-yapiliyor-mu\/","title":{"rendered":"Facebook\u2019ta G\u00f6nderi Zamanlama Yap\u0131l\u0131yor Mu?"},"content":{"rendered":"\n<p>Sosyal medya alanlar\u0131 aras\u0131nda bulunan ve en \u00e7ok kullan\u0131c\u0131s\u0131 olan platformlar\u0131n ba\u015f\u0131nda Facebook gelir. Uygulama s\u00fcrekli g\u00fcncelleme ve yenilemeler yaparak her zaman kullan\u0131c\u0131lar\u0131n\u0131n daha da fazla sorular\u0131na yan\u0131t bulmas\u0131 ad\u0131na \u00e7abalar. <strong>Facebook\u2019ta g\u00f6nderi zamanlama<\/strong> i\u015flemi de bunlardand\u0131r.<\/p>\n\n\n\n<p>G\u00f6nderileri her zaman istedi\u011finiz anda payla\u015fmak yerine daha ileri tarihte payla\u015f\u0131lmas\u0131n\u0131 sa\u011flamak da iste\u011finiz olabilir. Uygulama buna izin veren donan\u0131ma sahiptir. Sadece kullanmay\u0131 bilmek ve \u00f6zelli\u011fin nas\u0131l aktif hale geldi\u011fi konusunda pratik yapmak bile yeterlidir. G\u00f6nderilerinizi istedi\u011finiz zaman diliminde yay\u0131nlanacak veya payla\u015f\u0131lacak \u015fekilde d\u00fczenleyebilirsiniz.<\/p>\n\n\n\n<h2 class=\"wp-block-heading\"><strong>Nas\u0131l Yap\u0131l\u0131r?<\/strong><\/h2>\n\n\n\n<p>G\u00f6nderilerin payla\u015f\u0131lmas\u0131 s\u0131ras\u0131nda <strong>Facebook&#8217;ta g\u00f6nderi zamanlama <\/strong>ile alakal\u0131 bir ibare g\u00f6rmezsiniz.<\/p>\n\n\n\n<p><em>Payla\u015f\u0131m yaparken baz\u0131 detaylar bunu ayarlaman\u0131za yard\u0131mc\u0131 olur:<\/em><\/p>\n\n\n\n<ul class=\"wp-block-list\"><li>G\u00f6nderi payla\u015faca\u011f\u0131n\u0131z alana gelmelisiniz,<\/li><li>Ayarlama yapt\u0131ktan sonra a\u015fa\u011f\u0131da bulunan sekmelere bakman\u0131z gerekir,<\/li><li>\u015eimdi payla\u015f \u015feklinde g\u00f6r\u00fcnen k\u0131sma t\u0131klamal\u0131s\u0131n\u0131z,<\/li><li>Kar\u015f\u0131n\u0131za \u00e7\u0131kan se\u00e7eneklerden planla olan\u0131 se\u00e7melisiniz.<\/li><\/ul>\n\n\n\n<p>Buraya kadar yapt\u0131\u011f\u0131n\u0131z i\u015flemler g\u00f6nderinizin \u015fuan de\u011fil planlanan zamanda yay\u0131nlanaca\u011f\u0131 anlam\u0131na gelir. Bundan sonra yap\u0131lmas\u0131 gereken ise zamanlama ayarlamak olmal\u0131d\u0131r.<\/p>\n\n\n\n<h2 class=\"wp-block-heading\"><strong>Zaman Ayarlamas\u0131 Nas\u0131ld\u0131r?<\/strong><\/h2>\n\n\n\n<p>Planla sekmesine geldikten hemen sonra t\u0131klad\u0131\u011f\u0131n\u0131zda ekranda yeni bir men\u00fc a\u00e7\u0131l\u0131r. A\u00e7\u0131lan men\u00fcden tarih ve zaman se\u00e7meniz istenir. Men\u00fcler se\u00e7ildikten sonra onay isteyecektir. Zaman belirlerken hem tarih hem de saat girmeniz m\u00fcmk\u00fcnd\u00fcr. Bu durum dakikas\u0131na kadar se\u00e7ebilece\u011finiz ve s\u00fcre s\u0131n\u0131rlamas\u0131 olmayan bir g\u00f6nderi imkan\u0131 anlam\u0131na gelir. <strong>Facebook&#8217;ta g\u00f6nderi zamanlama<\/strong> bu ad\u0131mla birlikte tamamlanm\u0131\u015f olur.<\/p>\n\n\n\n<figure class=\"wp-block-image size-large\"><img loading=\"lazy\" decoding=\"async\" width=\"800\" height=\"450\" src=\"https:\/\/trmedya.co\/blog\/wp-content\/uploads\/2020\/07\/facebookta-gonderi-zamanlama-yapiliyor-mu.png\" alt=\"\" class=\"wp-image-1132\" title=\"\"><\/figure>\n\n\n\n<h2 class=\"wp-block-heading\"><strong>G\u00f6nderide De\u011fi\u015fiklik Yapmak<\/strong><\/h2>\n\n\n\n<p>G\u00f6nderiyi planla se\u00e7ene\u011finden girip <strong>Facebook&#8217;ta g\u00f6nderi zamanlama<\/strong> i\u015flemini yapt\u0131ktan sonra d\u00fczenleme veya iptal yapman\u0131z gerekebilir. Yanl\u0131\u015fl\u0131k yap\u0131lm\u0131\u015f da olabilir. B\u00f6yle bir durumda planlanan g\u00f6nderiyi bulman\u0131z gerekir. \u00dcst men\u00fclerde yer alan yay\u0131nlama ara\u00e7lar\u0131 sekmesini bulmal\u0131s\u0131n\u0131z. Planlanm\u0131\u015f g\u00f6nderiler ad\u0131 alt\u0131nda bir yer kar\u015f\u0131n\u0131za \u00e7\u0131kacakt\u0131r. \u00dczerine t\u0131kland\u0131\u011f\u0131nda a\u00e7\u0131l\u0131r kapan\u0131r sayfa \u015feklinde g\u00f6nderinin \u00f6n izlemesini g\u00f6rebilirsiniz.<\/p>\n\n\n\n<p>D\u00fczenle yazan k\u0131sma gelince g\u00f6nderinizle alakal\u0131 d\u00fczenlemeler yap\u0131l\u0131r. \u0130ptal etmek i\u00e7in de ayn\u0131 yerden i\u015flem yap\u0131lmas\u0131 konusunda ilgili men\u00fcleri g\u00f6rebilirsiniz. Bu \u015fekilde ba\u011flant\u0131n\u0131z olmasa bile belirledi\u011finiz zamanda ve saatte g\u00f6nderiniz otomatik olarak payla\u015f\u0131l\u0131r. Ana sayfa \u00fczerinden kimlerin g\u00f6rebilece\u011fini de ayarlama \u015fans\u0131n\u0131z olur.<\/p>\n","protected":false},"excerpt":{"rendered":"<p>Sosyal medya alanlar\u0131 aras\u0131nda bulunan ve en \u00e7ok kullan\u0131c\u0131s\u0131 olan platformlar\u0131n ba\u015f\u0131nda Facebook gelir. Uygulama s\u00fcrekli g\u00fcncelleme ve yenilemeler yaparak her zaman kullan\u0131c\u0131lar\u0131n\u0131n daha da fazla sorular\u0131na yan\u0131t bulmas\u0131 ad\u0131na&#46;&#46;&#46;<\/p>\n","protected":false},"author":1,"featured_media":1133,"comment_status":"open","ping_status":"open","sticky":false,"template":"","format":"standard","meta":{"footnotes":""},"categories":[1],"tags":[150,149],"class_list":["post-1131","post","type-post","status-publish","format-standard","has-post-thumbnail","hentry","category-genel","tag-facebookta-gonderi-zamanlama","tag-facebookta-gonderi-zamanlama-yapiliyor-mu"],"_links":{"self":[{"href":"https:\/\/trmedya.co\/blog\/wp-json\/wp\/v2\/posts\/1131","targetHints":{"allow":["GET"]}}],"collection":[{"href":"https:\/\/trmedya.co\/blog\/wp-json\/wp\/v2\/posts"}],"about":[{"href":"https:\/\/trmedya.co\/blog\/wp-json\/wp\/v2\/types\/post"}],"author":[{"embeddable":true,"href":"https:\/\/trmedya.co\/blog\/wp-json\/wp\/v2\/users\/1"}],"replies":[{"embeddable":true,"href":"https:\/\/trmedya.co\/blog\/wp-json\/wp\/v2\/comments?post=1131"}],"version-history":[{"count":0,"href":"https:\/\/trmedya.co\/blog\/wp-json\/wp\/v2\/posts\/1131\/revisions"}],"wp:featuredmedia":[{"embeddable":true,"href":"https:\/\/trmedya.co\/blog\/wp-json\/wp\/v2\/media\/1133"}],"wp:attachment":[{"href":"https:\/\/trmedya.co\/blog\/wp-json\/wp\/v2\/media?parent=1131"}],"wp:term":[{"taxonomy":"category","embeddable":true,"href":"https:\/\/trmedya.co\/blog\/wp-json\/wp\/v2\/categories?post=1131"},{"taxonomy":"post_tag","embeddable":true,"href":"https:\/\/trmedya.co\/blog\/wp-json\/wp\/v2\/tags?post=1131"}],"curies":[{"name":"wp","href":"https:\/\/api.w.org\/{rel}","templated":true}]}}