{"id":1322,"date":"2020-09-01T16:57:58","date_gmt":"2020-09-01T13:57:58","guid":{"rendered":"https:\/\/trmedya.co\/blog\/?p=1322"},"modified":"2023-01-16T09:55:39","modified_gmt":"2023-01-16T06:55:39","slug":"instagramda-kullanici-adi-degistirme-nasil-yapilir","status":"publish","type":"post","link":"https:\/\/trmedya.co\/blog\/instagramda-kullanici-adi-degistirme-nasil-yapilir\/","title":{"rendered":"Instagram&#8217;da Kullan\u0131c\u0131 Ad\u0131 De\u011fi\u015ftirme Nas\u0131l Yap\u0131l\u0131r?"},"content":{"rendered":"\n<h3 class=\"wp-block-heading\"><\/h3>\n\n\n\n<p>Instagram\u2019a kay\u0131t olan kullan\u0131c\u0131lar, kay\u0131t esnas\u0131nda bir kullan\u0131c\u0131 ad\u0131 da se\u00e7mektedir. Bu kullan\u0131c\u0131 ad\u0131, hi\u00e7bir Instagram kullan\u0131c\u0131s\u0131 taraf\u0131ndan kullan\u0131lm\u0131yor olmal\u0131d\u0131r. Buna kar\u015f\u0131l\u0131k isteyen Instagram kullan\u0131c\u0131lar\u0131, hesap olu\u015fturduktan sonra da kullan\u0131c\u0131 ad\u0131 de\u011fi\u015ftirebilmektedir. Olduk\u00e7a kolay olan bu i\u015flem, Instagram\u2019\u0131n ayarlar k\u0131sm\u0131ndan yap\u0131lmal\u0131d\u0131r. Kullan\u0131c\u0131 ad\u0131 de\u011fi\u015ftirirken, istedi\u011finiz kullan\u0131c\u0131 ad\u0131 da uygun olmal\u0131d\u0131r. Bu yaz\u0131m\u0131z\u0131, <strong>Instagram\u2019da kullan\u0131c\u0131 ad\u0131 de\u011fi\u015ftirme nas\u0131l yap\u0131l\u0131r? <\/strong>\u00fczerine haz\u0131rlad\u0131k.<\/p>\n\n\n\n<h3 class=\"wp-block-heading\">Instagram\u2019da Kullan\u0131c\u0131 Ad\u0131 De\u011fi\u015ftirme \u0130\u015flemi<\/h3>\n\n\n\n<p><strong>Instagram\u2019da kullan\u0131c\u0131 ad\u0131<\/strong>, bir ba\u015fka Instagram kullan\u0131c\u0131s\u0131n\u0131n sizi bulmak isterken kulland\u0131\u011f\u0131, profil sayfan\u0131zda ve Direct Message k\u0131sm\u0131nda da g\u00f6r\u00fclmek olan size \u00f6zel bir isimdir. Instagram, baz\u0131 konular konusunda kullan\u0131c\u0131lara limitler koymakla beraber, bu limitler aras\u0131nda kullan\u0131c\u0131 ad\u0131 de\u011fi\u015ftirme yer almamaktad\u0131r.<\/p>\n\n\n\n<p>E\u011fer kullan\u0131c\u0131 ad\u0131n\u0131z\u0131 de\u011fi\u015ftirmek istiyorsan\u0131z, bunun i\u00e7in ilk \u00f6nce Instagram\u2019\u0131 a\u00e7arak, profil sayfan\u0131za gitmeniz gerekmektedir. Bundan sonra cihaz\u0131n\u0131zda, sa\u011f alt k\u00f6\u015fede g\u00f6r\u00fclmekte olan hesap se\u00e7ene\u011fine dokunarak, ekrana gelen sayfada en ortada g\u00f6r\u00fclmekte olan profili d\u00fczenle butonuna dokunman\u0131z gerekmektedir. Bundan sonra gelen ekranda, kullan\u0131c\u0131 ad\u0131 yazan b\u00f6l\u00fcme gelerek, istedi\u011finiz ismi yazarak, kaydedip \u00e7\u0131kabilirsiniz.<\/p>\n\n\n\n<figure class=\"wp-block-image size-large\"><img loading=\"lazy\" decoding=\"async\" width=\"810\" height=\"458\" src=\"https:\/\/trmedya.co\/blog\/wp-content\/uploads\/2020\/09\/instagramda-kullanici-adi-degistirme-nasil-yapilir.jpg\" alt=\"\" class=\"wp-image-1325\" title=\"\"><\/figure>\n\n\n\n<p>Bu i\u015flem, Instagram kullan\u0131c\u0131 ad\u0131n\u0131zdan ba\u015fka herhangi bir \u015feyi etkilememektedir. Yapt\u0131\u011f\u0131n\u0131z payla\u015f\u0131mlar ve foto\u011fraflar\u0131n\u0131z, ayn\u0131 \u015fekilde kalmaktad\u0131r. Tek de\u011fi\u015fen nokta, di\u011fer kullan\u0131c\u0131lar\u0131n sizi arat\u0131rken kulland\u0131\u011f\u0131 ad, profilinize bakanlar\u0131n g\u00f6rmekte oldu\u011fu ve Direct Message k\u0131sm\u0131nda da g\u00f6r\u00fclmekte olan isimdir.<\/p>\n\n\n\n<h3 class=\"wp-block-heading\">Instagram\u2019dan Pop\u00fcler olmak M\u00fcmk\u00fcn M\u00fcd\u00fcr?<\/h3>\n\n\n\n<p>Instagram kullan\u0131m\u0131n\u0131n artmas\u0131yla, kullan\u0131c\u0131lar\u0131n akl\u0131na bu soru olduk\u00e7a fazla gelmektedir. Instagram\u2019da yeteri kadar takip\u00e7i ve be\u011feniniz varsa, h\u0131zl\u0131 bir \u015fekilde pop\u00fclerlik sa\u011flanabilmektedir. Bunun i\u00e7in Instagram kullan\u0131c\u0131lar\u0131, s\u0131k s\u0131k <strong>Instagram ger\u00e7ek takip\u00e7i sat\u0131n al <\/strong>hizmetini kullanmaktad\u0131r. Alan\u0131nda daha \u00f6nce pek \u00e7ok ba\u015far\u0131l\u0131 proje y\u00fcr\u00fctm\u00fc\u015f olan TRMedya ile ileti\u015fime ge\u00e7erek, arad\u0131\u011f\u0131n\u0131z pop\u00fclerli\u011fi h\u0131zl\u0131 bir \u015fekilde kazanman\u0131z m\u00fcmk\u00fcnd\u00fcr. Bu sayede Instagram\u2019da geni\u015f kitleler taraf\u0131ndan tan\u0131narak, ad\u0131n\u0131zdan bahsettirme imk\u00e2n\u0131n\u0131 kolay bir \u015fekilde yakalayabilmeniz m\u00fcmk\u00fcnd\u00fcr. Sa\u011flamakta oldu\u011fumuz hizmetler, tamamen ger\u00e7ek Instagram kullan\u0131c\u0131lar\u0131ndan olu\u015fmakta olup, tamamen g\u00fcvenilir ve \u015fifresiz y\u00f6ntemlerden verilmektedir. Bizimle 7\/24 ileti\u015fime ge\u00e7erek, t\u00fcm sorular\u0131n\u0131z\u0131 her zaman iletebilirsiniz.<\/p>\n","protected":false},"excerpt":{"rendered":"<p>Instagram\u2019a kay\u0131t olan kullan\u0131c\u0131lar, kay\u0131t esnas\u0131nda bir kullan\u0131c\u0131 ad\u0131 da se\u00e7mektedir. Bu kullan\u0131c\u0131 ad\u0131, hi\u00e7bir Instagram kullan\u0131c\u0131s\u0131 taraf\u0131ndan kullan\u0131lm\u0131yor olmal\u0131d\u0131r. Buna kar\u015f\u0131l\u0131k isteyen Instagram kullan\u0131c\u0131lar\u0131, hesap olu\u015fturduktan sonra da kullan\u0131c\u0131&#46;&#46;&#46;<\/p>\n","protected":false},"author":1,"featured_media":1324,"comment_status":"open","ping_status":"open","sticky":false,"template":"","format":"standard","meta":{"footnotes":""},"categories":[1],"tags":[],"class_list":["post-1322","post","type-post","status-publish","format-standard","has-post-thumbnail","hentry","category-genel"],"_links":{"self":[{"href":"https:\/\/trmedya.co\/blog\/wp-json\/wp\/v2\/posts\/1322","targetHints":{"allow":["GET"]}}],"collection":[{"href":"https:\/\/trmedya.co\/blog\/wp-json\/wp\/v2\/posts"}],"about":[{"href":"https:\/\/trmedya.co\/blog\/wp-json\/wp\/v2\/types\/post"}],"author":[{"embeddable":true,"href":"https:\/\/trmedya.co\/blog\/wp-json\/wp\/v2\/users\/1"}],"replies":[{"embeddable":true,"href":"https:\/\/trmedya.co\/blog\/wp-json\/wp\/v2\/comments?post=1322"}],"version-history":[{"count":0,"href":"https:\/\/trmedya.co\/blog\/wp-json\/wp\/v2\/posts\/1322\/revisions"}],"wp:featuredmedia":[{"embeddable":true,"href":"https:\/\/trmedya.co\/blog\/wp-json\/wp\/v2\/media\/1324"}],"wp:attachment":[{"href":"https:\/\/trmedya.co\/blog\/wp-json\/wp\/v2\/media?parent=1322"}],"wp:term":[{"taxonomy":"category","embeddable":true,"href":"https:\/\/trmedya.co\/blog\/wp-json\/wp\/v2\/categories?post=1322"},{"taxonomy":"post_tag","embeddable":true,"href":"https:\/\/trmedya.co\/blog\/wp-json\/wp\/v2\/tags?post=1322"}],"curies":[{"name":"wp","href":"https:\/\/api.w.org\/{rel}","templated":true}]}}