{"id":1424,"date":"2020-11-05T04:58:30","date_gmt":"2020-11-05T01:58:30","guid":{"rendered":"https:\/\/trmedya.co\/blog\/?p=1424"},"modified":"2023-01-16T09:52:50","modified_gmt":"2023-01-16T06:52:50","slug":"instagram-reels-nedir-nasil-kullanilir","status":"publish","type":"post","link":"https:\/\/trmedya.co\/blog\/instagram-reels-nedir-nasil-kullanilir\/","title":{"rendered":"Instagram Reels Nedir? Nas\u0131l Kullan\u0131l\u0131r?"},"content":{"rendered":"\n<h2 class=\"wp-block-heading\"><strong>Instagram Reels Nedir? Nas\u0131l Kullan\u0131l\u0131r?<\/strong><\/h2>\n\n\n\n<p>Her ge\u00e7en g\u00fcn teknolojinin geli\u015fmesiyle birlikte Instagram kullan\u0131c\u0131lar\u0131na da bu alanda yenilikler eklenebilmektedir. Instagram kullan\u0131c\u0131lar\u0131, bu \u00f6zellikle k\u0131sa s\u00fcreli, sesli video ve m\u00fczik payla\u015fabilece\u011fi i\u00e7in bu alan\u0131 kullanmaktan zevk alacaklard\u0131r. Kullan\u0131c\u0131lar, Reels \u00f6zelli\u011finin varl\u0131\u011f\u0131yla 15 saniyelik videolar ile e\u011flenceli zamanlar\u0131n tad\u0131na varabilir.<\/p>\n\n\n\n<p>Instagram, d\u00fcnyada oldu\u011fu kadar art\u0131k \u00fclkemizde de en \u00e7ok tercih edilen sosyal payla\u015f\u0131m alan\u0131 haline geldi. Instagram Reels \u00f6zelli\u011finin eklenmesiyle bu platform daha keyifli hale gelece\u011fi d\u00fc\u015f\u00fcn\u00fclmektedir.<\/p>\n\n\n\n<p>Sesli ve m\u00fczikli k\u0131sa videolar\u0131n payla\u015f\u0131labilece\u011fi <strong>Instagram Reels <\/strong>\u00f6zelli\u011finin nas\u0131l kullanaca\u011f\u0131 konusunda bilgilere ula\u015fmak bu zamanlarda zor de\u011fil san\u0131r\u0131m.<\/p>\n\n\n\n<figure class=\"wp-block-image size-large\"><img loading=\"lazy\" decoding=\"async\" width=\"739\" height=\"415\" src=\"https:\/\/trmedya.co\/blog\/wp-content\/uploads\/2020\/11\/instagram-reels-nedir-nasil-kullanilir.jpeg\" alt=\"Instagram Reels Nedir? Nas\u0131l Kullan\u0131l\u0131r?\" class=\"wp-image-1425\" title=\"\"><figcaption>Instagram Reels Nedir? Nas\u0131l Kullan\u0131l\u0131r?<\/figcaption><\/figure>\n\n\n\n<h2 class=\"wp-block-heading\"><strong>Instagram Reels Nedir?<\/strong><\/h2>\n\n\n\n<p>Reels \u00f6zelli\u011fi ile Instagram\u2019da video g\u00f6nderileri Story olarak payla\u015f\u0131labilir hale gelecek. Herkesin ula\u015fabildi\u011fi a\u00e7\u0131k hesaplardan Ke\u015ffet sekmesindeki Reels b\u00f6l\u00fcm\u00fcnde g\u00f6r\u00fclebilecektir. Bu \u00f6zellikle insanlar i\u00e7erik \u00fcretme ve d\u00fcnyan\u0131n her yerine ula\u015f\u0131labilece\u011fi i\u00e7in ke\u015ffedilmeye f\u0131rsat sunmaktad\u0131r. Asl\u0131nda<strong> Instagram, Reels<\/strong> \u00f6zelli\u011fi ile yarat\u0131c\u0131 d\u00fc\u015f\u00fcnmeyi ve i\u00e7erik \u00fcreticisi olma yolunda ki\u015filere sunulan bir hedeftir.<\/p>\n\n\n\n<h3 class=\"wp-block-heading\"><strong>\u0130nstagram\u2019 da Reels \u00d6zelli\u011fi Nas\u0131l Kullan\u0131l\u0131r?<\/strong><\/h3>\n\n\n\n<p>Reels \u00f6zelli\u011fi, Instagram kameras\u0131nda yer al\u0131rken, farkl\u0131 yarat\u0131c\u0131 d\u00fczenlemelerin yap\u0131labilece\u011fi ara\u00e7larda bulunur.<\/p>\n\n\n\n<p><em>Bunlar\u0131 a\u015fa\u011f\u0131da s\u0131ralayacak olursak;<\/em><\/p>\n\n\n\n<ul class=\"wp-block-list\"><li>Reels \u00f6zelli\u011finde, ki\u015filer kendi seslerini kullanabilece\u011fi gibi Instagram\u2019 \u0131n m\u00fczik k\u00fct\u00fcphanesinden de se\u00e7im yapabilece\u011fi bilinmelidir.<\/li><li>Herkese a\u00e7\u0131k hesaplarda orijinal ses kullanmay\u0131 tercih edenler, hesaba aktar\u0131lacak ve ba\u015fkalar\u0131 da bu ses videolar\u0131n\u0131 kendi Reels videolar\u0131na ekleyerek kullanabilecektir.<\/li><li>Ayr\u0131ca galerisinde d\u00fcnyan\u0131n \u00e7e\u015fitli yerlerindeki i\u00e7erik \u00fcreticilerinin haz\u0131rlam\u0131\u015f oldu\u011fu <strong>AR efektleri <\/strong>yani Art\u0131r\u0131lm\u0131\u015f Ger\u00e7eklik efektleri bulunur.<\/li><li>\u00d6zelli\u011fin i\u00e7erisinde zamanlay\u0131c\u0131 ve geri say\u0131m ile serbest olarak video \u00e7ekilebilecektir.<\/li><li>Birle\u015ftirilmek \u00fczere iki video aras\u0131nda k\u00f6pr\u00fc sa\u011flan\u0131r.<\/li><li>\u00c7ekilen video ve seslerin \u00fczerinde belli yerlerde h\u0131zland\u0131rma ve yava\u015flatma yap\u0131labilir.<\/li><\/ul>\n\n\n\n<p>Ayr\u0131 klipler halinde \u00e7ekilen videolar birle\u015ftirilebiliyor, galeriden de haz\u0131rlanan videolar y\u00fcklenebiliyor.<\/p>\n\n\n\n<h3 class=\"wp-block-heading\"><strong>Reels \u00d6zelli\u011fi Nas\u0131l payla\u015f\u0131l\u0131r?<\/strong><\/h3>\n\n\n\n<p>Kullan\u0131c\u0131lar, Reels videolar\u0131n\u0131 herkese a\u00e7\u0131k hesaplarda Ke\u015ffet sekmesinde yer alan Reels b\u00f6l\u00fcm\u00fcnde payla\u015fabilir. Ayr\u0131ca takip\u00e7ileri i\u00e7in Ak\u0131\u015f sekmesinde de payla\u015fabilme olana\u011f\u0131 mevcuttur. Reels videolar\u0131, haz\u0131rlanan \u015fark\u0131, hashtag veya efektleri \u00f6zel sayfalarda da payla\u015fabiliyor.<\/p>\n\n\n\n<p>Reels \u00f6zelli\u011finde haz\u0131rlanan video \u00fczerinde kullan\u0131c\u0131lar tasla\u011f\u0131 kaydedip, metin veya hashtag ekleyebiliyor. Instagram\u2019daki profilde Reels i\u00e7in ayr\u0131lan b\u00f6l\u00fcmde payla\u015f\u0131lan videolar g\u00f6r\u00fclebilmektedir.<\/p>\n","protected":false},"excerpt":{"rendered":"<p>Instagram Reels Nedir? Nas\u0131l Kullan\u0131l\u0131r? Her ge\u00e7en g\u00fcn teknolojinin geli\u015fmesiyle birlikte Instagram kullan\u0131c\u0131lar\u0131na da bu alanda yenilikler eklenebilmektedir. Instagram kullan\u0131c\u0131lar\u0131, bu \u00f6zellikle k\u0131sa s\u00fcreli, sesli video ve m\u00fczik payla\u015fabilece\u011fi i\u00e7in&#46;&#46;&#46;<\/p>\n","protected":false},"author":1,"featured_media":1425,"comment_status":"open","ping_status":"open","sticky":false,"template":"","format":"standard","meta":{"footnotes":""},"categories":[1],"tags":[210,211],"class_list":["post-1424","post","type-post","status-publish","format-standard","has-post-thumbnail","hentry","category-genel","tag-instagram-reels","tag-reels-nasil-kullanilir"],"_links":{"self":[{"href":"https:\/\/trmedya.co\/blog\/wp-json\/wp\/v2\/posts\/1424","targetHints":{"allow":["GET"]}}],"collection":[{"href":"https:\/\/trmedya.co\/blog\/wp-json\/wp\/v2\/posts"}],"about":[{"href":"https:\/\/trmedya.co\/blog\/wp-json\/wp\/v2\/types\/post"}],"author":[{"embeddable":true,"href":"https:\/\/trmedya.co\/blog\/wp-json\/wp\/v2\/users\/1"}],"replies":[{"embeddable":true,"href":"https:\/\/trmedya.co\/blog\/wp-json\/wp\/v2\/comments?post=1424"}],"version-history":[{"count":0,"href":"https:\/\/trmedya.co\/blog\/wp-json\/wp\/v2\/posts\/1424\/revisions"}],"wp:featuredmedia":[{"embeddable":true,"href":"https:\/\/trmedya.co\/blog\/wp-json\/wp\/v2\/media\/1425"}],"wp:attachment":[{"href":"https:\/\/trmedya.co\/blog\/wp-json\/wp\/v2\/media?parent=1424"}],"wp:term":[{"taxonomy":"category","embeddable":true,"href":"https:\/\/trmedya.co\/blog\/wp-json\/wp\/v2\/categories?post=1424"},{"taxonomy":"post_tag","embeddable":true,"href":"https:\/\/trmedya.co\/blog\/wp-json\/wp\/v2\/tags?post=1424"}],"curies":[{"name":"wp","href":"https:\/\/api.w.org\/{rel}","templated":true}]}}