{"id":1513,"date":"2021-01-18T11:50:33","date_gmt":"2021-01-18T08:50:33","guid":{"rendered":"https:\/\/trmedya.co\/blog\/?p=1513"},"modified":"2023-01-25T13:14:33","modified_gmt":"2023-01-25T10:14:33","slug":"instagram-arsivlenen-fotograflari-geri-getirme","status":"publish","type":"post","link":"https:\/\/trmedya.co\/blog\/instagram-arsivlenen-fotograflari-geri-getirme\/","title":{"rendered":"Instagram Ar\u015fivlenen Foto\u011fraflar\u0131 Geri Getirme"},"content":{"rendered":"\r\n<p>Instagram d\u00fcnyan\u0131n en \u00e7ok \u00f6zelliklerine sahip olan uygulamas\u0131 olmas\u0131ndan dolay\u0131 kullan\u0131c\u0131lar taraf\u0131ndan <strong>Instagram ar\u015fivlenen foto\u011fraflar\u0131 geri getirme <\/strong>i\u015flemi merak ediliyor. Kullan\u0131c\u0131lar, <strong>Instagram ar\u015fivlenen foto\u011fraflar\u0131 geri getirme <\/strong>hakk\u0131nda \u00e7e\u015fitli ara\u015ft\u0131rmalar yaparak, bu \u00f6zelli\u011fi daha aktif kullanmak istiyor. <strong>Instagram ar\u015fivlenen foto\u011fraflar\u0131 geri getirme <\/strong>i\u015flemi son derece kolay bir i\u015flem olmaktad\u0131r.<\/p>\r\n\r\n\r\n\r\n<p><strong>Instagram ar\u015fivlenen foto\u011fraflar\u0131 geri getirme <\/strong>i\u015flemi, t\u00fcm Instagram kullan\u0131c\u0131lar\u0131 taraf\u0131ndan merak ediliyor ve ara\u015ft\u0131rma konusu oluyor. Ki\u015filer, silmek istemedikleri foto\u011fraflar\u0131n\u0131 Instagram \u00fczerinden rahat bir \u015fekilde ar\u015fivleyebiliyor. Bu \u00f6zellik, son derece kullan\u0131\u015fl\u0131 olmas\u0131n\u0131n yan\u0131 s\u0131ra bir\u00e7ok ki\u015fi taraf\u0131ndan da ho\u015f bir \u015fekilde kar\u015f\u0131lan\u0131yor. Ancak ar\u015fivlenen foto\u011fraflar\u0131, kullan\u0131c\u0131lar nas\u0131l getireceklerini bilmiyorlar.<\/p>\r\n\r\n\r\n\r\n<h2 class=\"wp-block-heading\"><strong>Foto\u011fraf Ar\u015fivi Nedir?<\/strong><\/h2>\r\n\r\n\r\n\r\n<p>Instagram foto\u011fraf ar\u015fivi, kullan\u0131c\u0131lar taraf\u0131ndan s\u0131k s\u0131k kullan\u0131lan bir \u00f6zelliktir. Instagram uygulamas\u0131, t\u00fcm kullan\u0131c\u0131lar\u0131 i\u00e7in bu \u00f6zelli\u011fi sunuyor. Ki\u015filer, Instagram hesaplar\u0131nda bulunun foto\u011fraflar\u0131 silmek istemedikleri zaman bu hizmeti kullan\u0131yorlar. Foto\u011fraf ar\u015fivi, Instagram \u00fczerinde yer alan t\u00fcm foto\u011fraflar\u0131n bir kenarda ar\u015fivlenmesini ve ki\u015filere g\u00f6r\u00fcnmemesini sa\u011flar.<\/p>\r\n\r\n\r\n\r\n<p>Instagram hesaplar\u0131nda yer alan foto\u011fraflar\u0131 ar\u015fivlemek isteyen ki\u015filerin yapmas\u0131 gereken i\u015flemler \u00e7ok basittir. Instagram kullan\u0131c\u0131lar\u0131, hesaplar\u0131nda bulunan ve ar\u015fivlemek istedikleri foto\u011fraf\u0131n \u00fczerinde yer alan \u00fc\u00e7 noktaya t\u0131klayarak bu i\u015flemi yapabilirler. \u00dc\u00e7 noktaya t\u0131klayan ki\u015filer, &#8216;ar\u015fivle&#8217; se\u00e7ene\u011fine basarlar ve foto\u011fraf otomatik olarak ar\u015five d\u00fc\u015fer. Foto\u011fraf art\u0131k, ar\u015fiv b\u00f6l\u00fcm\u00fcnde yer alacak ve hesaba giren ki\u015filere g\u00f6r\u00fcnmeyecektir. Ayr\u0131ca kullan\u0131c\u0131lar istedikleri foto\u011fraflar\u0131n\u0131 ar\u015fivden geri \u00e7\u0131karabilirler.<\/p>\r\n\r\n\r\n\r\n<h2 class=\"wp-block-heading\"><strong>Ar\u015fivlenen Foto\u011fraf\u0131 Geri Getirme<\/strong><\/h2>\r\n\r\n\r\n\r\n<p>Instagram hesaplar\u0131nda bulunan foto\u011fraflar\u0131 ar\u015fivleyen ki\u015filer, bu foto\u011fraflar\u0131n\u0131 ar\u015fivden geri getirmek isterler. Ki\u015filer, bu foto\u011fraflar\u0131 geri getirerek t\u00fcm takip\u00e7ilerin g\u00f6rece\u011fi \u015fekilde tekrardan aktif edebilirler. Bu \u00f6zellik, Instagram kullan\u0131c\u0131lar\u0131 taraf\u0131ndan her zaman kullan\u0131lmaktad\u0131r.<\/p>\r\n\r\n\r\n\r\n<p><em>Ar\u015fivlenen foto\u011fraflar\u0131 geri getirme i\u015flemleri \u015fu \u015fekilde yap\u0131lmaktad\u0131r;<\/em><\/p>\r\n\r\n\r\n\r\n<ul class=\"wp-block-list\">\r\n<li>Hesaba giri\u015f yap\u0131l\u0131r ve profile girilir.<\/li>\r\n<li>Profilin \u00fcst k\u0131sm\u0131nda yer alan ar\u015fiv b\u00f6l\u00fcm\u00fc se\u00e7ilir.<\/li>\r\n<li>Ar\u015fiv b\u00f6l\u00fcm\u00fcnden &#8216;Foto\u011fraflar&#8217; se\u00e7ilir.<\/li>\r\n<li>Ar\u015fivlenen foto\u011fraflar\u0131n bulundu\u011fu ekran a\u00e7\u0131l\u0131r.<\/li>\r\n<li>Bu k\u0131s\u0131mdan aktif edilmek istenilen foto\u011fraftaki \u00fc\u00e7 noktaya t\u0131klan\u0131r.<\/li>\r\n<li>&#8216;Aktif et veya Ar\u015fivden \u00e7\u0131kar&#8217; se\u00e7eneklerine t\u0131klan\u0131r.<\/li>\r\n<\/ul>\r\n\r\n\r\n\r\n<p>Ar\u015fivlenen foto\u011fraflar\u0131n ar\u015fivden \u00e7\u0131kar\u0131lma i\u015flemi bu \u015fekilde yap\u0131lmaktad\u0131r. Bu i\u015flem her zaman yap\u0131labilmektedir. Kullan\u0131c\u0131lara s\u0131n\u0131rs\u0131z ar\u015fivleme ve s\u0131n\u0131rs\u0131z ar\u015fivden \u00e7\u0131karma hizmeti Instagram taraf\u0131ndan verilmektedir.<\/p>\r\n\r\n\r\n\r\n<h2 class=\"wp-block-heading\"><strong>Ar\u015fiv Foto\u011fraflara Zarar Verir Mi?<\/strong><\/h2>\r\n\r\n\r\n\r\n<p>Foto\u011fraflar\u0131n ar\u015fivlenmesi, Instagram kullan\u0131c\u0131lar\u0131n\u0131 \u00e7e\u015fitli sorulara y\u00f6neltmektedir. Bu sorular\u0131n en ba\u015f\u0131nda &#8216;Ar\u015five al\u0131nan foto\u011fraflar zarar g\u00f6r\u00fcr m\u00fc?&#8217; \u015feklinde olmaktad\u0131r. Ar\u015five al\u0131nan foto\u011fraflar, hi\u00e7bir zaman zarar g\u00f6rmez. \u0130nstagram taraf\u0131ndan, ar\u015five al\u0131nm\u0131\u015f olan foto\u011fraflar korunur ve kalite bak\u0131m\u0131ndan da ayn\u0131 \u015fekilde orada kal\u0131r. Yani ar\u015five al\u0131nan foto\u011fraflar\u0131n ba\u015f\u0131na hi\u00e7bir \u015fekilde zarar gelmez.<\/p>\r\n\r\n\r\n\r\n<p>Ar\u015five al\u0131nan foto\u011fraflar, geri getirilebilir ve tekrardan ar\u015five kald\u0131r\u0131labilir. Ar\u015fivlenen foto\u011fraflardan hi\u00e7bir zaman herhangi bir de\u011fi\u015fiklik g\u00f6r\u00fclmez. Ar\u015five al\u0131nm\u0131\u015f olan foto\u011fraflar\u0131n be\u011feni ve yorumlar\u0131na da zarar gelmez. Tekrar aktif edilmeye ba\u015fland\u0131\u011f\u0131nda yorum ve be\u011fenilerde ayn\u0131 \u015fekilde kal\u0131r. Hi\u00e7bir \u015fekilde yorum ve be\u011fenide d\u00fc\u015f\u00fc\u015fler g\u00f6r\u00fclmez.<\/p>\r\n\r\n\r\n\r\n<h2 class=\"wp-block-heading\"><strong>Ar\u015fivlenen Foto\u011fraflar\u0131 Kimler G\u00f6r\u00fcr?<\/strong><\/h2>\r\n\r\n\r\n\r\n<p>Ar\u015fivlenen foto\u011fraflar\u0131 kimlerin g\u00f6r\u00fcp kimlerin g\u00f6remeyece\u011fi sorusu da Instagram kullan\u0131c\u0131lar\u0131 taraf\u0131ndan merak edilmektedir. Ar\u015five al\u0131nan t\u00fcm i\u00e7erikleri, hesap sahibi d\u0131\u015f\u0131nda hi\u00e7 kimse g\u00f6remez ve ba\u015fkalar\u0131 ile payla\u015f\u0131lmaz. Ar\u015fivlenen foto\u011fraflar, instagram\u0131n ar\u015fiv b\u00f6l\u00fcm\u00fcnde durur ve hesap sahibi d\u0131\u015f\u0131ndaki ki\u015filere g\u00f6r\u00fcrl\u00fc\u011fe kapat\u0131l\u0131r.<\/p>\r\n\r\n\r\n\r\n<p>Ar\u015fivlenen foto\u011fraf\u0131n\u0131 g\u00f6rmek isteyen hesap sahipleri, Instagram hesaplar\u0131n\u0131n \u00fcst k\u0131sm\u0131nda yer alan ar\u015fiv b\u00f6l\u00fcm\u00fcne t\u0131klayarak ar\u015fivlenen foto\u011fraflar\u0131n\u0131 g\u00f6rebilirler. Ayr\u0131ca kullan\u0131c\u0131lar, geri getirmek istedikleri foto\u011fraflar\u0131 da ar\u015fiv b\u00f6l\u00fcm\u00fcnden geri getirebilmektedir. \u0130nstagram foto\u011fraf ar\u015fivleme ve geri getirme i\u015flemi, t\u00fcm kullan\u0131c\u0131lar taraf\u0131ndan ho\u015f kar\u015f\u0131lanan ve s\u0131k kullan\u0131lan bir \u00f6zelliktir.<\/p>\r\n","protected":false},"excerpt":{"rendered":"<p>Instagram d\u00fcnyan\u0131n en \u00e7ok \u00f6zelliklerine sahip olan uygulamas\u0131 olmas\u0131ndan dolay\u0131 kullan\u0131c\u0131lar taraf\u0131ndan Instagram ar\u015fivlenen foto\u011fraflar\u0131 geri getirme i\u015flemi merak ediliyor. Kullan\u0131c\u0131lar, Instagram ar\u015fivlenen foto\u011fraflar\u0131 geri getirme hakk\u0131nda \u00e7e\u015fitli ara\u015ft\u0131rmalar yaparak,&#46;&#46;&#46;<\/p>\n","protected":false},"author":1,"featured_media":1514,"comment_status":"open","ping_status":"open","sticky":false,"template":"","format":"standard","meta":{"footnotes":""},"categories":[1],"tags":[],"class_list":["post-1513","post","type-post","status-publish","format-standard","has-post-thumbnail","hentry","category-genel"],"_links":{"self":[{"href":"https:\/\/trmedya.co\/blog\/wp-json\/wp\/v2\/posts\/1513","targetHints":{"allow":["GET"]}}],"collection":[{"href":"https:\/\/trmedya.co\/blog\/wp-json\/wp\/v2\/posts"}],"about":[{"href":"https:\/\/trmedya.co\/blog\/wp-json\/wp\/v2\/types\/post"}],"author":[{"embeddable":true,"href":"https:\/\/trmedya.co\/blog\/wp-json\/wp\/v2\/users\/1"}],"replies":[{"embeddable":true,"href":"https:\/\/trmedya.co\/blog\/wp-json\/wp\/v2\/comments?post=1513"}],"version-history":[{"count":0,"href":"https:\/\/trmedya.co\/blog\/wp-json\/wp\/v2\/posts\/1513\/revisions"}],"wp:featuredmedia":[{"embeddable":true,"href":"https:\/\/trmedya.co\/blog\/wp-json\/wp\/v2\/media\/1514"}],"wp:attachment":[{"href":"https:\/\/trmedya.co\/blog\/wp-json\/wp\/v2\/media?parent=1513"}],"wp:term":[{"taxonomy":"category","embeddable":true,"href":"https:\/\/trmedya.co\/blog\/wp-json\/wp\/v2\/categories?post=1513"},{"taxonomy":"post_tag","embeddable":true,"href":"https:\/\/trmedya.co\/blog\/wp-json\/wp\/v2\/tags?post=1513"}],"curies":[{"name":"wp","href":"https:\/\/api.w.org\/{rel}","templated":true}]}}