{"id":1517,"date":"2021-01-19T11:10:12","date_gmt":"2021-01-19T08:10:12","guid":{"rendered":"https:\/\/trmedya.co\/blog\/?p=1517"},"modified":"2023-01-25T13:14:51","modified_gmt":"2023-01-25T10:14:51","slug":"instagram-arsivlenen-fotograflari-silme","status":"publish","type":"post","link":"https:\/\/trmedya.co\/blog\/instagram-arsivlenen-fotograflari-silme\/","title":{"rendered":"Instagram Ar\u015fivlenen Foto\u011fraflar\u0131 Silme"},"content":{"rendered":"\r\n<p>Instagram; d\u00fcnyada pop\u00fclerli\u011fine pop\u00fclerlik katmaya ve her ge\u00e7en g\u00fcn kullan\u0131c\u0131s\u0131n\u0131 artt\u0131rmaya devam etmektedir. Kendini geli\u015ftirmek i\u00e7in \u00e7al\u0131\u015fmalar\u0131n\u0131 s\u00fcrd\u00fcrmekte ve inovatif de\u011fi\u015fimlere kap\u0131lar\u0131n\u0131 a\u00e7\u0131k tutmaktad\u0131r. Peki, bu kadar kullan\u0131c\u0131ya sahip olan Instagram\u2019da foto\u011fraf nas\u0131l payla\u015f\u0131l\u0131r? Instagram durumlar\u0131n\u0131 kimler g\u00f6rebilir, <strong>Instagram ar\u015fivlenen foto\u011fraflar\u0131 silme <\/strong>i\u015flemi nas\u0131l yap\u0131l\u0131r? Instagram ar\u015fivleme \u00f6zelli\u011fi nedir?<\/p>\r\n<p>\r\n\r\n<\/p>\r\n<h2 class=\"wp-block-heading\"><strong>Instagram\u2019da Foto\u011fraf Nas\u0131l Payla\u015f\u0131l\u0131r?<\/strong><\/h2>\r\n<p>\r\n\r\n<\/p>\r\n<p>Instagram uygulamas\u0131 tercihe g\u00f6re hem bilgisayarda hem de telefonda kullan\u0131m\u0131 olduk\u00e7a kolayd\u0131r. Mobil cihazlarda kullan\u0131m pratikli\u011fi sa\u011flayan Instagram; foto\u011fraf, video gibi g\u00f6rsel ve hareketli payla\u015f\u0131mlara olanak sa\u011flamaktad\u0131r.<\/p>\r\n<p>\r\n\r\n<\/p>\r\n<p><em>Instagram\u2019da foto\u011fraf payla\u015fmak i\u00e7in takip edilmesi gereken ad\u0131mlar s\u0131ras\u0131yla \u015funlard\u0131r;<\/em><\/p>\r\n<p>\r\n\r\n<\/p>\r\n<ul class=\"wp-block-list\">\r\n<li>d\u00fczenlemelerin tamamlanmas\u0131ndan sonra payla\u015f butonuna basarak hesab\u0131n\u0131zda sorunsuz bir \u015fekilde se\u00e7ili foto\u011fraf\u0131n payla\u015f\u0131m\u0131 sa\u011flanm\u0131\u015f olacakt\u0131r.<\/li>\r\n<\/ul>\r\n<p>\r\n\r\n<\/p>\r\n<figure class=\"wp-block-image size-large\"><img loading=\"lazy\" decoding=\"async\" width=\"1024\" height=\"683\" class=\"wp-image-1519\" src=\"https:\/\/trmedya.co\/blog\/wp-content\/uploads\/2021\/01\/instagram-arsivlenen-fotograflari-silme-2.jpg\" alt=\"Instagram Ar\u015fivlenen Foto\u011fraflar\u0131 Silme\" title=\"\">\r\n<figcaption>Instagram Ar\u015fivlenen Foto\u011fraflar\u0131 Silme<\/figcaption>\r\n<\/figure>\r\n<p>\r\n\r\n<\/p>\r\n<h2 class=\"wp-block-heading\"><strong>Instagram Durumlar\u0131n\u0131 Kimler G\u00f6rebilir?<\/strong><\/h2>\r\n<p>\r\n\r\n<\/p>\r\n<p>Instagram kullan\u0131c\u0131lar\u0131na bir\u00e7ok avantaj sunmaktad\u0131r. Bu avantajlardan birisi de payla\u015f\u0131lan durumlar\u0131 kimlerin g\u00f6rece\u011fine hesap kullan\u0131c\u0131s\u0131n\u0131n karar vermesidir. Durum payla\u015f\u0131rken ekran\u0131n alt k\u0131sm\u0131nda yak\u0131n arkada\u015flar alternatifi bulunmaktad\u0131r. Yak\u0131n arkada\u015flar sekmesinden listeye ekledi\u011finiz ki\u015filer payla\u015ft\u0131\u011f\u0131n\u0131z hik\u00e2ye ve durumu g\u00f6rebilmektedirler. Instagram durum payla\u015fma konusunda kullan\u0131c\u0131s\u0131n\u0131n inisiyatifine g\u00f6re imkan tan\u0131maktad\u0131r. Kullan\u0131c\u0131 ister yak\u0131n arkada\u015flar \u00f6zelli\u011fini kullanarak payla\u015f\u0131m yapabilmekte, isterse takip\u00e7ilerinin tamam\u0131n\u0131n payla\u015f\u0131m\u0131n\u0131 g\u00f6rmesini sa\u011flayabilmektedir.<\/p>\r\n<p>\r\n\r\n<\/p>\r\n<h2 class=\"wp-block-heading\"><strong>Instagram Ar\u015fivleme \u00d6zelli\u011fi<\/strong><\/h2>\r\n<p>\r\n\r\n<\/p>\r\n<p>Instagram; kullan\u0131c\u0131lar\u0131na payla\u015f\u0131mlar\u0131n\u0131 ar\u015fivleyebilmeleri i\u00e7in ar\u015fiv butonu \u00f6zelli\u011fini geli\u015ftirmi\u015ftir. Kullan\u0131c\u0131lar\u0131n \u00e7o\u011fu payla\u015f\u0131mlar\u0131n\u0131 silmek istemeyerek ar\u015fivde saklamay\u0131 tercih etmektedir. Bu \u00f6zellik sayesinde ar\u015fivde tutulan payla\u015f\u0131mlar kullan\u0131c\u0131lar d\u0131\u015f\u0131nda hi\u00e7 kimse taraf\u0131ndan g\u00f6r\u00fclememektedir. Bu sayede kullan\u0131c\u0131 payla\u015f\u0131m\u0131n\u0131 silmek zorunda kalmamakta ve kendi d\u0131\u015f\u0131nda ba\u015fkalar\u0131n\u0131n g\u00f6rmemesini sa\u011flamaktad\u0131r.<\/p>\r\n<p>\r\n\r\n<\/p>\r\n<p><em>Ar\u015fivleme yapabilmek i\u00e7in k\u0131saca ad\u0131mlar \u015f\u00f6yledir;<\/em><\/p>\r\n<p>\r\n\r\n<\/p>\r\n<ul class=\"wp-block-list\">\r\n<li>\u00d6ncelikle ar\u015fivleme yap\u0131labilmesi i\u00e7in hali haz\u0131rda bir payla\u015f\u0131m yap\u0131lm\u0131\u015f olmas\u0131 gerekmektedir.<\/li>\r\n<li>Yap\u0131lan payla\u015f\u0131m\u0131n sa\u011f \u00fcst k\u0131sm\u0131nda dikey ya da yatay olarak \u00fc\u00e7 nokta \u015feklinde simge bulunmaktad\u0131r.<\/li>\r\n<li>\u00dc\u00e7 nokta \u015feklindeki simgeye bas\u0131lmal\u0131 ve daha sonras\u0131nda kar\u015f\u0131la\u015f\u0131lan se\u00e7enekler aras\u0131ndan ar\u015fivle \u00f6zelli\u011fi se\u00e7ilmelidir.<\/li>\r\n<li>Bu i\u015flem sonunda yap\u0131lan payla\u015f\u0131m ar\u015five ta\u015f\u0131nm\u0131\u015f olacakt\u0131r.<\/li>\r\n<\/ul>\r\n<p>\r\n\r\n<\/p>\r\n<figure class=\"wp-block-image size-large\"><img loading=\"lazy\" decoding=\"async\" width=\"810\" height=\"525\" class=\"wp-image-1520\" src=\"https:\/\/trmedya.co\/blog\/wp-content\/uploads\/2021\/01\/instagram-arsivlenen-fotograflari-silme-1.jpg\" alt=\"Instagram Ar\u015fivlenen Foto\u011fraflar\u0131 Silme\" title=\"\">\r\n<figcaption>Instagram Ar\u015fivlenen Foto\u011fraflar\u0131 Silme<\/figcaption>\r\n<\/figure>\r\n<p>\r\n\r\n<\/p>\r\n<h2 class=\"wp-block-heading\"><strong>Instagram Ar\u015fivlenen Foto\u011fraflar\u0131 Silme<\/strong><\/h2>\r\n<p>\r\n\r\n<\/p>\r\n<p>Bir\u00e7ok Instagram kullan\u0131c\u0131s\u0131, <strong>Instagram ar\u015fivlenen foto\u011fraflar\u0131 silme <\/strong>i\u015flemi yap\u0131l\u0131p yap\u0131lamayaca\u011f\u0131 hakk\u0131nda bilgi sahibi olmak istemektedir. Bu imk\u00e2ndan nas\u0131l faydalan\u0131laca\u011f\u0131 kullan\u0131c\u0131lar taraf\u0131ndan merak edilmektedir. Instagram; hesap kullanma kolayl\u0131klar\u0131n\u0131 kullan\u0131c\u0131lar\u0131na sundu\u011fu gibi, <strong>Instagram ar\u015fivlenen foto\u011fraflar\u0131 <\/strong>silme \u00f6zelli\u011fini de geli\u015ftirmi\u015f ve kullan\u0131c\u0131lar\u0131n\u0131n hizmetine sunmu\u015ftur. Peki, <strong>Instagram ar\u015fivlenen foto\u011fraflar\u0131 silme <\/strong>i\u015flemi ad\u0131m ad\u0131m nas\u0131l yap\u0131lmaktad\u0131r?<\/p>\r\n<p>\r\n\r\n<\/p>\r\n<p><em>Bu ad\u0131mlar k\u0131saca \u015f\u00f6yledir;<\/em><\/p>\r\n<p>\r\n\r\n<\/p>\r\n<ul class=\"wp-block-list\">\r\n<li>\u0130lk \u00f6nce <strong>Instagram ar\u015fivlenen foto\u011fraflar\u0131 silme <\/strong>i\u015fleminden faydalanabilmek i\u00e7in Instagram hesab\u0131n\u0131z\u0131n ar\u015fiv b\u00f6l\u00fcm\u00fcnde payla\u015f\u0131mlar\u0131n\u0131z\u0131n bulunmas\u0131 gerekmektedir. Bo\u015f bir ar\u015fiv klas\u00f6r\u00fcnde silme i\u015flemi ger\u00e7ekle\u015ftirilemez.<\/li>\r\n<li>\u00d6ncelikle profilin bulundu\u011fu sayfaya gidebilmek i\u00e7in bulundu\u011funuz sayfan\u0131n sa\u011f alt k\u00f6\u015fesinde bulunan profil foto\u011fraf\u0131na t\u0131klayarak sayfan\u0131za giri\u015f yap\u0131n\u0131z.<\/li>\r\n<li>\u0130kinci ad\u0131m ise; bulundu\u011funuz profil sayfan\u0131z\u0131n sa\u011f \u00fcst taraf\u0131nda \u00fcst \u00fcste \u00fc\u00e7 paralel \u00e7izgi bulunmaktad\u0131r. Bu simgeye t\u0131klayarak kar\u015f\u0131n\u0131za \u00e7\u0131kan se\u00e7enekler aras\u0131nda ar\u015fiv k\u0131sm\u0131 se\u00e7ilmelidir.<\/li>\r\n<li>Ar\u015five sorunsuz bir \u015fekilde eri\u015fim sa\u011fland\u0131ktan sonra silmek istedi\u011finiz payla\u015f\u0131mlar\u0131n \u00fczerine t\u0131klayarak g\u00f6rselin a\u00e7\u0131lmas\u0131 gerekmektedir.<\/li>\r\n<li>A\u00e7\u0131lan g\u00f6rselin sa\u011f alt taraf\u0131nda \u00fcst \u00fcste veyahut yan yana olan \u00fc\u00e7 nokta g\u00f6r\u00fcn\u00fcm\u00fcndeki sekmeye t\u0131klanmal\u0131d\u0131r.<\/li>\r\n<li>\u00dc\u00e7 nokta \u015feklindeki sekmeye bast\u0131ktan sonra \u00e7\u0131kan se\u00e7enekler aras\u0131ndan sil butonuna t\u0131klayarak silme i\u015flemi yap\u0131labilmektedir.<\/li>\r\n<\/ul>\r\n<p><\/p>","protected":false},"excerpt":{"rendered":"<p>Instagram; d\u00fcnyada pop\u00fclerli\u011fine pop\u00fclerlik katmaya ve her ge\u00e7en g\u00fcn kullan\u0131c\u0131s\u0131n\u0131 artt\u0131rmaya devam etmektedir. Kendini geli\u015ftirmek i\u00e7in \u00e7al\u0131\u015fmalar\u0131n\u0131 s\u00fcrd\u00fcrmekte ve inovatif de\u011fi\u015fimlere kap\u0131lar\u0131n\u0131 a\u00e7\u0131k tutmaktad\u0131r. Peki, bu kadar kullan\u0131c\u0131ya sahip olan&#46;&#46;&#46;<\/p>\n","protected":false},"author":1,"featured_media":1518,"comment_status":"open","ping_status":"open","sticky":false,"template":"","format":"standard","meta":{"footnotes":""},"categories":[1],"tags":[228],"class_list":["post-1517","post","type-post","status-publish","format-standard","has-post-thumbnail","hentry","category-genel","tag-instagram-arsivlenen-fotograflari-silme"],"_links":{"self":[{"href":"https:\/\/trmedya.co\/blog\/wp-json\/wp\/v2\/posts\/1517","targetHints":{"allow":["GET"]}}],"collection":[{"href":"https:\/\/trmedya.co\/blog\/wp-json\/wp\/v2\/posts"}],"about":[{"href":"https:\/\/trmedya.co\/blog\/wp-json\/wp\/v2\/types\/post"}],"author":[{"embeddable":true,"href":"https:\/\/trmedya.co\/blog\/wp-json\/wp\/v2\/users\/1"}],"replies":[{"embeddable":true,"href":"https:\/\/trmedya.co\/blog\/wp-json\/wp\/v2\/comments?post=1517"}],"version-history":[{"count":0,"href":"https:\/\/trmedya.co\/blog\/wp-json\/wp\/v2\/posts\/1517\/revisions"}],"wp:featuredmedia":[{"embeddable":true,"href":"https:\/\/trmedya.co\/blog\/wp-json\/wp\/v2\/media\/1518"}],"wp:attachment":[{"href":"https:\/\/trmedya.co\/blog\/wp-json\/wp\/v2\/media?parent=1517"}],"wp:term":[{"taxonomy":"category","embeddable":true,"href":"https:\/\/trmedya.co\/blog\/wp-json\/wp\/v2\/categories?post=1517"},{"taxonomy":"post_tag","embeddable":true,"href":"https:\/\/trmedya.co\/blog\/wp-json\/wp\/v2\/tags?post=1517"}],"curies":[{"name":"wp","href":"https:\/\/api.w.org\/{rel}","templated":true}]}}