{"id":1522,"date":"2021-01-20T10:59:17","date_gmt":"2021-01-20T07:59:17","guid":{"rendered":"https:\/\/trmedya.co\/blog\/?p=1522"},"modified":"2023-01-25T13:15:18","modified_gmt":"2023-01-25T10:15:18","slug":"instagram-arsivlenen-fotograflarlar-nerede","status":"publish","type":"post","link":"https:\/\/trmedya.co\/blog\/instagram-arsivlenen-fotograflarlar-nerede\/","title":{"rendered":"Instagram Ar\u015fivlenen Foto\u011fraflarlar Nerede?"},"content":{"rendered":"\r\n<p>Ar\u015fiv \u00f6zelli\u011fi g\u00f6nderilerden ziyade hikayeler i\u00e7in daha yararl\u0131 bir se\u00e7enektir. \u00c7\u00fcnk\u00fc hikayeler, payla\u015f\u0131ld\u0131ktan 24 saat sonra silinmektedir. Ancak e\u011fer hikayelerinizi ar\u015fivliyorsan\u0131z, 24 saat sonra bile ar\u015fivden bulup tekrar payla\u015fabilir veya cihaz\u0131n\u0131za indirebilirsiniz. Bu y\u00fczden ar\u015fiv se\u00e7ene\u011fi Instagram kullan\u0131c\u0131lar\u0131 i\u00e7in b\u00fcy\u00fck bir \u00f6nem te\u015fkil etmektedir.<\/p>\r\n\r\n\r\n\r\n<figure class=\"wp-block-image size-large\"><img loading=\"lazy\" decoding=\"async\" width=\"773\" height=\"435\" class=\"wp-image-1524\" src=\"https:\/\/trmedya.co\/blog\/wp-content\/uploads\/2021\/01\/instagram-arsivlenen-fotograflarlar-nerede.jpg\" alt=\"Instagram Ar\u015fivlenen Foto\u011fraflarlar Nerede?\" title=\"\">\r\n<figcaption>Instagram Ar\u015fivlenen Foto\u011fraflarlar Nerede?<\/figcaption>\r\n<\/figure>\r\n\r\n\r\n\r\n<h2 class=\"wp-block-heading\"><strong>Instagram&#8217;da Ar\u015fivleme \u0130\u015flemi Nas\u0131l Yap\u0131l\u0131r?<\/strong><\/h2>\r\n\r\n\r\n\r\n<p>Kullan\u0131c\u0131lar\u0131n kafalar\u0131nda soru i\u015fareti b\u0131rakan <strong>Instagram ar\u015fivlenen foto\u011fraflarlar nerede <\/strong>sorusu bir yana ar\u015fivleme i\u015flemi nas\u0131l yap\u0131l\u0131r sorusunun cevab\u0131na gelecek olursak, bu i\u015flem olduk\u00e7a basit ve bulmas\u0131 kolayd\u0131r.<\/p>\r\n\r\n\r\n\r\n<p><em>Ar\u015fivleme i\u015flemi \u015fu \u015fekilde yap\u0131l\u0131r:<\/em><\/p>\r\n\r\n\r\n\r\n<ul class=\"wp-block-list\">\r\n<li>\u00d6ncelikle profilinize girmelisiniz.<\/li>\r\n<li>Profilinize girdikten sonra ar\u015fivlemek istedi\u011finiz foto\u011frafa t\u0131klay\u0131n.<\/li>\r\n<li>Foto\u011fraf\u0131n\u0131z\u0131 ar\u015fivlemeye karar verdikten sonra foto\u011fraf\u0131n sa\u011f \u00fcst\u00fcnde bulunan \u00fc\u00e7 noktaya t\u0131klay\u0131p &#8220;Ar\u015fivle&#8221; se\u00e7ene\u011fini se\u00e7iniz.<\/li>\r\n<\/ul>\r\n\r\n\r\n\r\n<p>Bu ad\u0131mlar\u0131n sonunda g\u00f6nderiniz ar\u015fivlenmi\u015f olacakt\u0131r.<\/p>\r\n\r\n\r\n\r\n<h2 class=\"wp-block-heading\"><strong>Instagram&#8217;da Ar\u015fivlenmi\u015f Olan G\u00f6nderiler Veya Hikayeler Nas\u0131l Bulunur?<\/strong><\/h2>\r\n\r\n\r\n\r\n<p>Instagram&#8217;da ar\u015fivlenmi\u015f g\u00f6nderiler veya <strong>Instagram ar\u015fivlenen foto\u011fraflarlar nerede <\/strong>sorusunun cevab\u0131n\u0131 ise \u015fu \u015fekilde maddeleyerek s\u0131ralayabiliriz.<\/p>\r\n\r\n\r\n\r\n<ul class=\"wp-block-list\">\r\n<li>Instagram profilinize giriniz.<\/li>\r\n<li>Daha sonra profilinizin sa\u011f \u00fcst k\u00f6\u015fesinde yer alan alt alta \u00fc\u00e7 \u00e7izgi i\u015faretine t\u0131klay\u0131n\u0131z.<\/li>\r\n<li>Bu i\u015flemden sonra bir men\u00fc a\u00e7\u0131lacak, \u00e7\u0131kan men\u00fcde saat sembol\u00fc olan &#8220;Ar\u015fiv&#8221; se\u00e7ene\u011fini se\u00e7iniz.<\/li>\r\n<li>Son olarak iki \u00e7e\u015fit ar\u015fiv \u015fekli bulunmaktad\u0131r. \u0130stedi\u011finiz ar\u015fiv se\u00e7ene\u011fini g\u00f6r\u00fcnt\u00fclemek i\u00e7in, &#8220;Hikayeler Ar\u015fivi&#8221; veya &#8220;G\u00f6nderi Ar\u015fivi&#8221; olarak de\u011fi\u015ftirebilirsiniz.<\/li>\r\n<\/ul>\r\n\r\n\r\n\r\n<p>Ve i\u015flem bu kadar, art\u0131k ar\u015fivinizi nas\u0131l bulaca\u011f\u0131n\u0131z\u0131 biliyorsunuz.<\/p>\r\n\r\n\r\n\r\n<h2 class=\"wp-block-heading\"><strong>Instagram&#8217;da Daha \u00d6nce Ar\u015fivlenen G\u00f6nderi Nas\u0131l Geri Getirilir?<\/strong><\/h2>\r\n\r\n\r\n\r\n<p><strong>Instagram ar\u015fivlenen foto\u011fraflarlar nerede <\/strong>sorusunun cevab\u0131na benzer bir soru de ar\u015fivlenen g\u00f6nderinin nas\u0131l geri getirilece\u011fi sorusudur. \u00c7\u00fcnk\u00fc ar\u015fivlenen foto\u011fraf\u0131 geri getirmek i\u00e7in de ar\u015fivledi\u011finiz yere girmek gerekmektedir. Bunun i\u00e7in \u015fu ad\u0131m izlenebilir:<\/p>\r\n\r\n\r\n\r\n<p>Bu da olduk\u00e7a basit ve kolay bir i\u015flemdir. Instagram uygulamas\u0131na girip profilinizi a\u00e7\u0131n\u0131z. Daha sonras\u0131nda sa\u011f \u00fcst k\u00f6\u015fede bulunan alt alta \u00fc\u00e7 \u00e7izgi i\u015faretine t\u0131klay\u0131n\u0131z. Kar\u015f\u0131n\u0131za \u00e7\u0131kan men\u00fcde yer alan, \u00fcst\u00fcnde ok ve saat i\u015fareti olan semboll\u00fc Ar\u015fiv se\u00e7ene\u011fine t\u0131klay\u0131n\u0131z. T\u0131klad\u0131ktan sonra geri getirmek istedi\u011finiz g\u00f6nderiyi veya hikayeyi \u00fcst b\u00f6lmeden de\u011fi\u015ftirerek bulunuz. Bulduktan sonra g\u00f6nderinizi a\u00e7\u0131n ve alt alta bulunan \u00fc\u00e7 nokta sembol\u00fcne t\u0131klay\u0131n. Daha sonra &#8220;Profilde G\u00f6ster&#8221; se\u00e7ene\u011fine t\u0131klay\u0131n\u0131z. \u0130\u015fleminiz bu kadar. Art\u0131k ar\u015fivledi\u011finiz foto\u011fraf\u0131n\u0131z tekrar profilinize yer almaktad\u0131r. G\u00f6nderi de\u011fil de hikayeyi payla\u015fmak istiyorsan\u0131z da \u00fcst b\u00f6lmedeki &#8220;Hikayeler Ar\u015fivi&#8221; se\u00e7ene\u011fine t\u0131klayarak t\u00fcm hikaye ar\u015fivinizi g\u00f6rebilirsiniz. Hikayenizi se\u00e7tikten sonra g\u00f6nderi olarak payla\u015fabilir veya bunu cihaz\u0131n\u0131za kaydedebilirsiniz.<\/p>\r\n\r\n\r\n\r\n<h2 class=\"wp-block-heading\"><strong>Instagram&#8217;da Ar\u015fiv Se\u00e7ene\u011fi Ne \u0130\u015fe Yarar\/Nas\u0131l Kullan\u0131l\u0131r?<\/strong><\/h2>\r\n\r\n\r\n\r\n<p>Instagram&#8217;da uzun s\u00fcredir bulunmayan ancak daha sonras\u0131nda \u00e7e\u015fitli g\u00fcncellemeler ile telefonlar\u0131m\u0131za gelen ar\u015fiv se\u00e7ene\u011fi olduk\u00e7a kullan\u0131\u015fl\u0131 bir \u00f6zellik olarak kullan\u0131c\u0131lar\u0131n ilgisini \u00e7ekmeyi ba\u015fard\u0131. Peki, ar\u015fiv se\u00e7ene\u011fi ne i\u015fe yaramaktad\u0131r?<\/p>\r\n\r\n\r\n\r\n<p>Ar\u015fiv se\u00e7ene\u011fi, profilinizde g\u00f6z\u00fckmesini istemedi\u011finiz ancak silmeyi de g\u00f6ze alamad\u0131\u011f\u0131n\u0131z g\u00f6nderileri i\u00e7inde bar\u0131nd\u0131rmaya yarar. Bu \u015fekilde t\u00fcm foto\u011fraf veya g\u00f6nderilerinizi sadece siz g\u00f6rebilirsiniz.<\/p>\r\n\r\n\r\n\r\n<p>Bunun d\u0131\u015f\u0131nda ar\u015fiv \u00f6zelli\u011fi, hikayeler i\u00e7in de ge\u00e7erlidir. Hikayeler i\u00e7in ar\u015fiv \u00f6zelli\u011fi \u015fu \u015fekildedir: payla\u015ft\u0131\u011f\u0131n\u0131z hikaye 24 saatin sonunda kaybolacakt\u0131r. Ancak sadece sizin g\u00f6rebilece\u011finiz \u015fekilde ar\u015fiv k\u0131sm\u0131na girerek payla\u015ft\u0131\u011f\u0131n\u0131z eski hikayeleri burada burabilirsiniz. Bunun i\u00e7in \u00fcstteki yaz\u0131larda da anlat\u0131ld\u0131\u011f\u0131 \u00fczere, ar\u015five girerek &#8220;hikayeler ar\u015fivi&#8221; k\u0131sm\u0131ndan eri\u015febilirsiniz.<\/p>\r\n","protected":false},"excerpt":{"rendered":"<p>Ar\u015fiv \u00f6zelli\u011fi g\u00f6nderilerden ziyade hikayeler i\u00e7in daha yararl\u0131 bir se\u00e7enektir. \u00c7\u00fcnk\u00fc hikayeler, payla\u015f\u0131ld\u0131ktan 24 saat sonra silinmektedir. Ancak e\u011fer hikayelerinizi ar\u015fivliyorsan\u0131z, 24 saat sonra bile ar\u015fivden bulup tekrar payla\u015fabilir veya&#46;&#46;&#46;<\/p>\n","protected":false},"author":1,"featured_media":1523,"comment_status":"open","ping_status":"open","sticky":false,"template":"","format":"standard","meta":{"footnotes":""},"categories":[1],"tags":[229],"class_list":["post-1522","post","type-post","status-publish","format-standard","has-post-thumbnail","hentry","category-genel","tag-instagram-arsivlenen-fotograflarlar-nerede"],"_links":{"self":[{"href":"https:\/\/trmedya.co\/blog\/wp-json\/wp\/v2\/posts\/1522","targetHints":{"allow":["GET"]}}],"collection":[{"href":"https:\/\/trmedya.co\/blog\/wp-json\/wp\/v2\/posts"}],"about":[{"href":"https:\/\/trmedya.co\/blog\/wp-json\/wp\/v2\/types\/post"}],"author":[{"embeddable":true,"href":"https:\/\/trmedya.co\/blog\/wp-json\/wp\/v2\/users\/1"}],"replies":[{"embeddable":true,"href":"https:\/\/trmedya.co\/blog\/wp-json\/wp\/v2\/comments?post=1522"}],"version-history":[{"count":0,"href":"https:\/\/trmedya.co\/blog\/wp-json\/wp\/v2\/posts\/1522\/revisions"}],"wp:featuredmedia":[{"embeddable":true,"href":"https:\/\/trmedya.co\/blog\/wp-json\/wp\/v2\/media\/1523"}],"wp:attachment":[{"href":"https:\/\/trmedya.co\/blog\/wp-json\/wp\/v2\/media?parent=1522"}],"wp:term":[{"taxonomy":"category","embeddable":true,"href":"https:\/\/trmedya.co\/blog\/wp-json\/wp\/v2\/categories?post=1522"},{"taxonomy":"post_tag","embeddable":true,"href":"https:\/\/trmedya.co\/blog\/wp-json\/wp\/v2\/tags?post=1522"}],"curies":[{"name":"wp","href":"https:\/\/api.w.org\/{rel}","templated":true}]}}