{"id":1681,"date":"2021-02-13T23:13:41","date_gmt":"2021-02-13T20:13:41","guid":{"rendered":"https:\/\/trmedya.co\/blog\/?p=1681"},"modified":"2023-01-16T09:42:57","modified_gmt":"2023-01-16T06:42:57","slug":"instagram-shopa-urun-nasil-yuklenir","status":"publish","type":"post","link":"https:\/\/trmedya.co\/blog\/instagram-shopa-urun-nasil-yuklenir\/","title":{"rendered":"Instagram shop\u2019a \u00fcr\u00fcn nas\u0131l y\u00fcklenir?"},"content":{"rendered":"\n<p>Her ge\u00e7en g\u00fcn yeni \u00f6zellikler ekleyerek, milyonlarca kullan\u0131c\u0131s\u0131na farkl\u0131 deneyimler sunmay\u0131 ba\u015faran Instagram\u2019\u0131n al\u0131\u015fveri\u015f \u00f6zelli\u011fi, d\u00fcnyada oldu\u011fu gibi T\u00fcrkiye\u2019de de ilgi g\u00f6rd\u00fc. Instagram\u2019\u0131n k\u00fc\u00e7\u00fck ve orta \u00f6l\u00e7ekli markalardan, kurumsal markalara kadar e-ticaret sitesine y\u00f6nlendirme imkan\u0131 sundu\u011fu Instagram Shop, sosyal a\u011f\u0131n en sevilen \u00f6zelliklerinden oldu. Ancak Instagram Al\u0131\u015fveri\u015f ya da Instagram Shop\u2019ta yeniyseniz ve nas\u0131l \u00fcr\u00fcn ekleyebilece\u011finizi, Instagram Al\u0131\u015fveri\u015f talebinizi onaylataca\u011f\u0131n\u0131z\u0131 bilmiyorsan\u0131z, <strong>Instagram Shop\u2019a \u00fcr\u00fcn nas\u0131l y\u00fcklenir <\/strong>diye merak i\u00e7inde olabilirsiniz. Online sat\u0131\u015f kanal\u0131n\u0131z\u0131 Instagram g\u00f6nderilerinize y\u00f6nlendirerek, sat\u0131\u015flar\u0131n\u0131z\u0131 ve dolay\u0131s\u0131yla gelirinizi art\u0131rmak i\u00e7in, <strong>Instagram Shop\u2019a \u00fcr\u00fcn nas\u0131l y\u00fcklenir <\/strong>sorusunun yan\u0131t\u0131n\u0131 detaylar\u0131yla anlatt\u0131k.\u00a0<\/p>\n\n\n\n<h2 class=\"wp-block-heading\">Instagram Shop\u2019a \u00fcr\u00fcn nas\u0131l y\u00fcklenir: Al\u0131\u015fveri\u015f \u00f6zelli\u011fini a\u00e7\u0131n<\/h2>\n\n\n\n<figure class=\"wp-block-image size-large\"><img loading=\"lazy\" decoding=\"async\" width=\"1004\" height=\"658\" src=\"https:\/\/trmedya.co\/blog\/wp-content\/uploads\/2021\/02\/instagram-shopa-urun-nasil-yuklenir-1.png\" alt=\"\" class=\"wp-image-1683\" title=\"\"><figcaption>Instagram Shop al\u0131\u015fveri\u015f istatistikleri<\/figcaption><\/figure>\n\n\n\n<p>Instagram Al\u0131\u015fveri\u015f \u00f6zelli\u011fini hesab\u0131n\u0131zda uygulamak, Instagram Shop\u2019a \u00fcr\u00fcn y\u00fcklemenin ilk ad\u0131m\u0131. Dolay\u0131s\u0131yla ilk olarak Instagram\u2019a shop i\u00e7in ba\u015fvuru yapman\u0131z gerekiyor. T\u00fcrkiye\u2019de kullan\u0131ma sunulan Instagram shop\u2019ta, al\u0131\u015fveri\u015f butonunu aktifle\u015ftirmek i\u00e7in a\u015fa\u011f\u0131daki \u015fartlar\u0131 yerine getirmeniz \u00f6nemlidir:<\/p>\n\n\n\n<ul class=\"wp-block-list\"><li>Instagram hesab\u0131n\u0131z her \u015feyden \u00f6nce bir i\u015fletme profili olmal\u0131d\u0131r. Bu nedenle ki\u015fisel profildeyseniz, i\u015fletme profiline ge\u00e7in.<\/li><li>Her i\u015fletme profilinin Facebook sayfas\u0131 olmas\u0131 gerekir, aktif kullanmasan\u0131z bile bir Facebook sayfas\u0131 a\u00e7\u0131n ve hesab\u0131n\u0131zla ili\u015fkilendirin.<\/li><li>Sonraki ad\u0131mda, Facebook \u00fcr\u00fcn katalo\u011fu ile hesab\u0131n\u0131z\u0131 ba\u011flamal\u0131s\u0131n\u0131z. Alternatif olarak, Facebook Business Manager kullanarak da katalog olu\u015fturabilirsiniz. Bu i\u015flemin ard\u0131ndan Instagram, hesab\u0131n\u0131z\u0131 inceleyip onay verecektir.\u00a0<\/li><li>Bu i\u015flemin ard\u0131ndan Instagram Al\u0131\u015fveri\u015f ba\u015fvurunuz onayland\u0131\u011f\u0131nda, s\u0131rada \u00fcr\u00fcn etiketleme ya da \u00fcr\u00fcn ekleme k\u0131sm\u0131 var.<\/li><\/ul>\n\n\n\n<h2 class=\"wp-block-heading\">Instagram\u2019da \u00fcr\u00fcnleri hikaye ve g\u00f6nderilere ekleme<\/h2>\n\n\n\n<p>Ba\u015fvurunuz onayland\u0131ktan sonra, <strong>Instagram Shop\u2019a \u00fcr\u00fcn nas\u0131l y\u00fcklenir <\/strong>sorusunun yan\u0131t\u0131 olduk\u00e7a basit. \u0130lk etapta Instagram\u2019a i\u015fletme hesab\u0131n\u0131zla giri\u015f yap\u0131n. Profildeki \u00fc\u00e7 noktaya dokunduktan sonra, \u0130\u015fletme Ayarlar\u0131 i\u00e7inde \u201cal\u0131\u015fveri\u015f\u201d k\u0131sm\u0131n\u0131 g\u00f6receksiniz.<\/p>\n\n\n\n<figure class=\"wp-block-image size-large\"><img loading=\"lazy\" decoding=\"async\" width=\"1024\" height=\"768\" src=\"https:\/\/trmedya.co\/blog\/wp-content\/uploads\/2021\/02\/instagram-shopa-urun-nasil-yuklenir-1024x768.png\" alt=\"\" class=\"wp-image-1684\" title=\"\"><figcaption>Instagram\u2019da \u00fcr\u00fcnleri hikaye ve g\u00f6nderilere ekleme<\/figcaption><\/figure>\n\n\n\n<p>Devam dedikten sonra, Instagram\u2019da kullanaca\u011f\u0131n\u0131z katalogu se\u00e7in. Instagram\u2019da al\u0131\u015fveri\u015f katalogu se\u00e7meden \u00f6nce bu katalogu olu\u015fturman\u0131z gerekiyor.&nbsp;<\/p>\n\n\n\n<p>Se\u00e7imden sonra bitti i\u015faretine dokunun, sonras\u0131nda Instagram Shop\u2019a \u00fcr\u00fcn y\u00fckleyebileceksiniz.&nbsp;<\/p>\n\n\n\n<h2 class=\"wp-block-heading\">Instagram\u2019da \u00fcr\u00fcnleri g\u00f6rmek i\u00e7in dokun i\u015flemi<\/h2>\n\n\n\n<p>Kullan\u0131c\u0131 taraf\u0131nda yapmak istedi\u011finiz, Instagram\u2019da dokunuldu\u011funda \u00fcr\u00fcn sat\u0131n al\u0131m sayfas\u0131na giden i\u00e7eriklerdir. Bu anlamda Instagram\u2019da al\u0131\u015fveri\u015f g\u00f6nderisi ve hikayesi att\u0131\u011f\u0131n\u0131zda \u00fcr\u00fcn etiketlemek i\u00e7in a\u015fa\u011f\u0131daki ad\u0131mlar\u0131 izlemeniz gerekiyor:<\/p>\n\n\n\n<ul class=\"wp-block-list\"><li>\u0130lk olarak Instagram\u2019da bir g\u00f6nderi ya da hikaye olu\u015fturun.<\/li><li>Payla\u015f ekran\u0131na geldi\u011finizde, kar\u015f\u0131n\u0131za \u201c\u00fcr\u00fcn etiketle\u201d se\u00e7ene\u011fi \u00e7\u0131kacak. Bunun ard\u0131ndan \u201c\u00fcr\u00fcn\u201d \u00e7\u0131kartmas\u0131n\u0131 se\u00e7in. Hikayelerde \u00fcr\u00fcn\u00fc \u00f6ne \u00e7\u0131karmak i\u00e7in \u00e7\u0131kartman\u0131n simgesine dokunduktan sonra, \u00fcr\u00fcn \u00e7\u0131kartmas\u0131 se\u00e7ene\u011fine dokunun.<\/li><li>Sonraki a\u015famada \u00fcr\u00fcn\u00fc ilgili noktaya s\u00fcr\u00fckleyebilirsiniz.\u00a0<\/li><li>Hikaye ya da g\u00f6nderiyi payla\u015ft\u0131ktan sonra, i\u015flem sona erecektir.\u00a0<\/li><\/ul>\n\n\n\n<h2 class=\"wp-block-heading\">Instagram Al\u0131\u015fveri\u015f\u2019te \u00fcr\u00fcn etiketlerken nelere dikkat etmelisiniz?<\/h2>\n\n\n\n<p>Instagram Shop ya da Instagram Al\u0131\u015fveri\u015f\u2019te, butik e-ticaret sitesine sahip ki\u015filer aktif bir \u015fekilde \u00fcr\u00fcn sat\u0131yor ancak baz\u0131 konulara dikkat etmeniz, daha iyi d\u00f6n\u00fc\u015f alman\u0131z\u0131 sa\u011flar.&nbsp;<\/p>\n\n\n\n<p>Instagram Hikayeler\u2019de her hikaye i\u00e7in bir \u00fcr\u00fcn \u00e7\u0131kartmas\u0131 kullan\u0131labilir.<\/p>\n\n\n\n<p>Hikayeler yay\u0131nland\u0131ktan sonra, normal bir hikayede oldu\u011fu gibi \u00fczerinde de\u011fi\u015fiklik yap\u0131lmaz, hatal\u0131 hikayeleri silip yeniden g\u00f6ndermeniz gerekir.&nbsp;<\/p>\n\n\n\n<p>Hikaye olu\u015ftururken ilgili k\u0131s\u0131mlar\u0131 renk ve etiket baz\u0131nda de\u011fi\u015ftirebilirsiniz.&nbsp;<\/p>\n\n\n\n<p>Bir Instagram g\u00f6nderisinde en fazla 5 \u00fcr\u00fcn etiketlenebilir. \u00c7oklu g\u00f6rsel i\u00e7eren g\u00f6nderilerde ise maksimum \u00fcr\u00fcn etiketleme say\u0131s\u0131 20\u2019dir.<\/p>\n\n\n\n<p>Kataloglar\u0131 g\u00fcncelledik\u00e7e, yeni \u00fcr\u00fcnleri Instagram hesab\u0131n\u0131za etiketleyebilirsiniz. Bununla birlikte bir ki\u015fiyi ve bir \u00fcr\u00fcn\u00fc ayn\u0131 g\u00f6nderiye etiketlemek m\u00fcmk\u00fcn de\u011fildir.&nbsp;<\/p>\n\n\n\n<h2 class=\"wp-block-heading\">Instagram al\u0131\u015fveri\u015f \u00f6zelli\u011fim onaylanmad\u0131, \u00fcr\u00fcn ekleyemiyorum hatas\u0131<\/h2>\n\n\n\n<p>Instagram shop\u2019a \u00fcr\u00fcn nas\u0131l y\u00fcklenir&nbsp;sorusunun yan\u0131t\u0131n\u0131 ararken sorun bazen al\u0131\u015fveri\u015f \u00f6zelli\u011finin onaylanmamas\u0131d\u0131r. Instagram\u2019da al\u0131\u015fveri\u015f \u00f6zelli\u011finin onaylanmas\u0131 i\u00e7in, katalogdaki \u00fcr\u00fcnlerin hepsinin eksiksiz \u015fekilde girilmesi gerekir. Buna ek olarak ticari ilkelere de uygun olmal\u0131d\u0131r, her \u00fcr\u00fcn katalogda onaylanmaz. Belli bir s\u00fcre i\u00e7inde Instagram\u2019a \u00fcr\u00fcn ekleme talebiniz onaylanmazsa, Instagram destek hatt\u0131 \u00fczerinden ileti\u015fime ge\u00e7ebilir, d\u00fczenlemeler yaparak yeniden ba\u015fvurabilirsiniz.&nbsp;<\/p>\n","protected":false},"excerpt":{"rendered":"<p>Her ge\u00e7en g\u00fcn yeni \u00f6zellikler ekleyerek, milyonlarca kullan\u0131c\u0131s\u0131na farkl\u0131 deneyimler sunmay\u0131 ba\u015faran Instagram\u2019\u0131n al\u0131\u015fveri\u015f \u00f6zelli\u011fi, d\u00fcnyada oldu\u011fu gibi T\u00fcrkiye\u2019de de ilgi g\u00f6rd\u00fc. Instagram\u2019\u0131n k\u00fc\u00e7\u00fck ve orta \u00f6l\u00e7ekli markalardan, kurumsal markalara&#46;&#46;&#46;<\/p>\n","protected":false},"author":1,"featured_media":1682,"comment_status":"open","ping_status":"open","sticky":false,"template":"","format":"standard","meta":{"footnotes":""},"categories":[1],"tags":[264,266,267],"class_list":["post-1681","post","type-post","status-publish","format-standard","has-post-thumbnail","hentry","category-genel","tag-instagram-alisveris","tag-instagram-shop-nedir","tag-instagram-urun-ekleme"],"_links":{"self":[{"href":"https:\/\/trmedya.co\/blog\/wp-json\/wp\/v2\/posts\/1681","targetHints":{"allow":["GET"]}}],"collection":[{"href":"https:\/\/trmedya.co\/blog\/wp-json\/wp\/v2\/posts"}],"about":[{"href":"https:\/\/trmedya.co\/blog\/wp-json\/wp\/v2\/types\/post"}],"author":[{"embeddable":true,"href":"https:\/\/trmedya.co\/blog\/wp-json\/wp\/v2\/users\/1"}],"replies":[{"embeddable":true,"href":"https:\/\/trmedya.co\/blog\/wp-json\/wp\/v2\/comments?post=1681"}],"version-history":[{"count":0,"href":"https:\/\/trmedya.co\/blog\/wp-json\/wp\/v2\/posts\/1681\/revisions"}],"wp:featuredmedia":[{"embeddable":true,"href":"https:\/\/trmedya.co\/blog\/wp-json\/wp\/v2\/media\/1682"}],"wp:attachment":[{"href":"https:\/\/trmedya.co\/blog\/wp-json\/wp\/v2\/media?parent=1681"}],"wp:term":[{"taxonomy":"category","embeddable":true,"href":"https:\/\/trmedya.co\/blog\/wp-json\/wp\/v2\/categories?post=1681"},{"taxonomy":"post_tag","embeddable":true,"href":"https:\/\/trmedya.co\/blog\/wp-json\/wp\/v2\/tags?post=1681"}],"curies":[{"name":"wp","href":"https:\/\/api.w.org\/{rel}","templated":true}]}}