{"id":1886,"date":"2021-03-19T08:57:00","date_gmt":"2021-03-19T05:57:00","guid":{"rendered":"https:\/\/trmedya.co\/blog\/?p=1886"},"modified":"2021-03-19T14:51:35","modified_gmt":"2021-03-19T11:51:35","slug":"sosyal-medya-gorsel-boyutlari-kilavuzu-2021","status":"publish","type":"post","link":"https:\/\/trmedya.co\/blog\/sosyal-medya-gorsel-boyutlari-kilavuzu-2021\/","title":{"rendered":"Sosyal Medya G\u00f6rsel Boyutlar\u0131 K\u0131lavuzu (2021)"},"content":{"rendered":"\n<p>Sosyal medya platformlar\u0131nda, profil resmi, kapak foto\u011fraf\u0131 ve g\u00f6nderi i\u00e7in g\u00f6rsel se\u00e7erken, olmas\u0131 gerekti\u011fi \u00f6l\u00e7\u00fcde ve kalite standard\u0131nda g\u00f6rsel belirlemek son derece \u00f6nemlidir. \u0130ster ki\u015fisel hesaplar i\u00e7in olsun, isterseniz de marka hesaplar\u0131, kurumsal ya da tematik hesaplar i\u00e7in, <strong>sosyal medya g\u00f6rsel boyutlar\u0131<\/strong>n\u0131 istenen \u015fekilde ayarlamad\u0131\u011f\u0131n\u0131zda, takip\u00e7ilerinize k\u00f6t\u00fc bir imaj sunabilirsiniz. Bu durumla kar\u015f\u0131la\u015fmamak i\u00e7in Instagram, Facebook, Twitter gibi platformlar ba\u015fta olmak \u00fczere <strong>sosyal medya g\u00f6rsel boyutlar\u0131 k\u0131lavuzu <\/strong>\u00fczerinden, bu mecralardaki t\u00fcm g\u00f6rsellerin boyutlar\u0131n\u0131 \u00f6\u011frenmeniz \u00f6nemlidir. Bir i\u00e7erik payla\u015f\u0131rken, profil foto\u011fraf\u0131 ya da kapak foto\u011fraf\u0131 belirlerken tam \u00e7\u00f6z\u00fcn\u00fcrl\u00fck ile bir g\u00f6rsel se\u00e7mek i\u00e7in, 2021 <strong>sosyal medya g\u00f6rsel boyutlar\u0131 k\u0131lavuzu<\/strong>nu haz\u0131rlad\u0131k.<\/p>\n\n\n\n<h2 class=\"wp-block-heading\">Facebook g\u00f6rsel boyutlar\u0131 2021<\/h2>\n\n\n\n<p>Pop\u00fcler sosyal a\u011flar i\u00e7inde yer alan Facebook\u2019ta g\u00f6rsel boyutlar\u0131, t\u00fcm markalar\u0131n ve ki\u015fisel kullan\u0131c\u0131lar\u0131n bilmesi gereken bir \u00f6nemli bilgidir. Facebook g\u00f6rsel boyutlar\u0131, profilinizi istenen \u00f6l\u00e7\u00fcde kaliteli bir \u015fekilde sunmak i\u00e7in ihtiyac\u0131n\u0131z olan bir se\u00e7enektir. Facebook\u2019ta profil foto\u011fraf\u0131 ebat\u0131 180&#215;180 piksel olmal\u0131d\u0131r. Kapak foto\u011fraflar\u0131nda ise 820&#215;312 piksel en iyi sonucu verir.<\/p>\n\n\n\n<h2 class=\"wp-block-heading\">Twitter g\u00f6rsel boyutlar\u0131 2021<\/h2>\n\n\n\n<p>Twitter i\u00e7in g\u00f6rsel boyutu ara\u015ft\u0131r\u0131yorsan\u0131z, pop\u00fcler sosyal a\u011f\u0131n profil foto\u011fraf\u0131 i\u00e7in ideal ebat\u0131 400&#215;400 pikseldir. Bununla birlikte ayn\u0131 oran\u0131 koruyup daha b\u00fcy\u00fck bir foto\u011fraf da kullanabilirsiniz. Twitter kapak foto\u011fraflar\u0131 boyutu ise 1500&#215;500 pikseldir.<\/p>\n\n\n\n<h2 class=\"wp-block-heading\">Instagram g\u00f6rsel boyutlar\u0131 2021<\/h2>\n\n\n\n<p>Instagram, en pop\u00fcler sosyal a\u011flardan biri olarak, g\u00f6rsel boyutlar\u0131na en \u00e7ok dikkat edilmesi gereken adreslerden biri. Instagram\u2019da profil foto\u011fraf\u0131n\u0131n boyutu 110&#215;110 pikseldir. Instagram hikayesi payla\u015f\u0131rken boyut 1080&#215;1530 piksel olacakt\u0131r.&nbsp;<\/p>\n\n\n\n<h2 class=\"wp-block-heading\">Youtube g\u00f6rsel boyutlar\u0131 2021<\/h2>\n\n\n\n<p>Youtube 2021 g\u00f6rsel boyutlar\u0131nda kanal foto\u011fraflar\u0131nda istenen boyut 800&#215;800 pikseldir yani 1-1 oran\u0131 koruyarak daha b\u00fcy\u00fck bir g\u00f6rsel de kullanabilirsiniz. Bununla birlikte Youtube videolar\u0131 i\u00e7in k\u00fc\u00e7\u00fck foto\u011fraf kullanmak isterseniz 1280&#215;720 boyutunu kullanabilirsiniz.<\/p>\n\n\n\n<h2 class=\"wp-block-heading\">Linkedin g\u00f6rsel boyutlar\u0131 2021<\/h2>\n\n\n\n<p>\u0130\u015f odakl\u0131 sosyal a\u011f LinkedIn\u2019de g\u00f6rsel boyutlar\u0131, profesyonel kimli\u011finizi sergilerken son derece \u00f6nemlidir. LinkedIn\u2019de ki\u015fisel hesaplarda profil foto\u011fraf\u0131 400&#215;400 piksel olmal\u0131d\u0131r. Bunun d\u0131\u015f\u0131nda bir dosyan\u0131n boyutu en fazla 10 MB olabilir.&nbsp;<\/p>\n\n\n\n<p>Instagram, Youtube ve Twitter ba\u015fta olmak \u00fczere Tiktok gibi platformlarda takip\u00e7i, be\u011feni ve izlenme sat\u0131n almak i\u00e7in en uygun fiyatl\u0131 <a href=\"https:\/\/trmedya.co\/\" class=\"rank-math-link\"><strong>sosyal medya hizmet <\/strong><\/a>sat\u0131\u015f sitesi Trmedya paketlerine g\u00f6z at\u0131n. <\/p>\n","protected":false},"excerpt":{"rendered":"<p>Sosyal medya platformlar\u0131nda, profil resmi, kapak foto\u011fraf\u0131 ve g\u00f6nderi i\u00e7in g\u00f6rsel se\u00e7erken, olmas\u0131 gerekti\u011fi \u00f6l\u00e7\u00fcde ve kalite standard\u0131nda g\u00f6rsel belirlemek son derece \u00f6nemlidir. \u0130ster ki\u015fisel hesaplar i\u00e7in olsun, isterseniz de&#46;&#46;&#46;<\/p>\n","protected":false},"author":1,"featured_media":1888,"comment_status":"open","ping_status":"open","sticky":false,"template":"","format":"standard","meta":{"footnotes":""},"categories":[1],"tags":[56,354,30,353,352],"class_list":["post-1886","post","type-post","status-publish","format-standard","has-post-thumbnail","hentry","category-genel","tag-instagram","tag-linkedin","tag-sosyal-medya","tag-sosyal-medya-boyut","tag-sosyal-medya-gorsel"],"_links":{"self":[{"href":"https:\/\/trmedya.co\/blog\/wp-json\/wp\/v2\/posts\/1886","targetHints":{"allow":["GET"]}}],"collection":[{"href":"https:\/\/trmedya.co\/blog\/wp-json\/wp\/v2\/posts"}],"about":[{"href":"https:\/\/trmedya.co\/blog\/wp-json\/wp\/v2\/types\/post"}],"author":[{"embeddable":true,"href":"https:\/\/trmedya.co\/blog\/wp-json\/wp\/v2\/users\/1"}],"replies":[{"embeddable":true,"href":"https:\/\/trmedya.co\/blog\/wp-json\/wp\/v2\/comments?post=1886"}],"version-history":[{"count":0,"href":"https:\/\/trmedya.co\/blog\/wp-json\/wp\/v2\/posts\/1886\/revisions"}],"wp:featuredmedia":[{"embeddable":true,"href":"https:\/\/trmedya.co\/blog\/wp-json\/wp\/v2\/media\/1888"}],"wp:attachment":[{"href":"https:\/\/trmedya.co\/blog\/wp-json\/wp\/v2\/media?parent=1886"}],"wp:term":[{"taxonomy":"category","embeddable":true,"href":"https:\/\/trmedya.co\/blog\/wp-json\/wp\/v2\/categories?post=1886"},{"taxonomy":"post_tag","embeddable":true,"href":"https:\/\/trmedya.co\/blog\/wp-json\/wp\/v2\/tags?post=1886"}],"curies":[{"name":"wp","href":"https:\/\/api.w.org\/{rel}","templated":true}]}}