{"id":2067,"date":"2021-06-18T16:10:57","date_gmt":"2021-06-18T13:10:57","guid":{"rendered":"https:\/\/trmedya.co\/blog\/?p=2067"},"modified":"2023-01-16T09:32:59","modified_gmt":"2023-01-16T06:32:59","slug":"instagram-blog-acma-nasil-yapilir","status":"publish","type":"post","link":"https:\/\/trmedya.co\/blog\/instagram-blog-acma-nasil-yapilir\/","title":{"rendered":"Instagram Blog A\u00e7ma Nas\u0131l Yap\u0131l\u0131r?"},"content":{"rendered":"\n<p>G\u00fcn\u00fcm\u00fcz\u00fcn en pop\u00fcler soysal medya platformu olan <a href=\"https:\/\/trmedya.co\/\">\u0130nstagram <\/a>kullan\u0131c\u0131 say\u0131s\u0131na her ge\u00e7en g\u00fcn yeni kullan\u0131c\u0131lar eklemektedir. Artan kullan\u0131c\u0131 say\u0131s\u0131n\u0131 g\u00fcncel tutmak i\u00e7in yeni \u00f6zellikler ile g\u00fcndemde kalmaya devam edece\u011fe benziyor. Kullan\u0131c\u0131lar\u0131n foto\u011fraf ve \u00f6zel anlar\u0131n\u0131 payla\u015fabildi\u011fi bir uygulamadan \u00e7\u0131karak daha kullan\u0131\u015fl\u0131 olmas\u0131 a\u00e7\u0131s\u0131ndan i\u015fletme hesab\u0131 olu\u015fturarak firmalar\u0131n reklam \u00e7al\u0131\u015fmalar\u0131n\u0131 \u00f6n plana \u00e7\u0131karacak uygulamalar geli\u015ftirmi\u015ftir.<\/p>\n\n\n\n<figure class=\"wp-block-image size-large\"><img loading=\"lazy\" decoding=\"async\" width=\"1024\" height=\"1024\" src=\"https:\/\/trmedya.co\/blog\/wp-content\/uploads\/2021\/06\/instagram-blog-acma-nasil-yapilir-1024x1024.jpg\" alt=\"\" class=\"wp-image-2088\" title=\"\"><\/figure>\n\n\n\n<h2 class=\"wp-block-heading\">Instagram Ki\u015fisel Blog<\/h2>\n\n\n\n<p>\u0130nstagram uygulamas\u0131 kullan\u0131c\u0131lar\u0131n dikkatini her ge\u00e7en \u00e7ekmek i\u00e7in s\u00fcrekli olarak yeni uygulamalar geli\u015ftirmektedir. B\u00f6ylelikle kullan\u0131c\u0131lar\u0131n dikkatlerini \u00e7ekmede s\u00fcrekli g\u00fcncelli\u011fini korumakta.<\/p>\n\n\n\n<p>Kullan\u0131c\u0131lar foto\u011fraflar \u00fczerinde efekt ve filtre uygulamalar\u0131 ger\u00e7ekle\u015ftirerek takip\u00e7ilerini payla\u015f\u0131mlardan haberdar etmektedirler. Ki\u015filer kendilerine ait <strong>\u0131nstagram blog a\u00e7ma nas\u0131l yap\u0131l\u0131r? <\/strong>Sorusu ile kar\u015f\u0131 kar\u015f\u0131ya kalmaktad\u0131rlar. Yazar\u0131n kendi ki\u015fili\u011fini yans\u0131tmas\u0131 i\u00e7in teknik a\u00e7\u0131dan bilgi gerektirmeden g\u00fcnl\u00fck olarak yazmas\u0131ndan olu\u015fan bir web sayfas\u0131 olarak alg\u0131lanabilir.<\/p>\n\n\n\n<p>\u0130nstagram da a\u00e7\u0131lm\u0131\u015f olan bir blog her \u015feyden \u00f6nce sade ve anla\u015f\u0131l\u0131r olmal\u0131d\u0131r. Okuyucu taraf\u0131ndan rahatl\u0131kla okunabilmeli.<\/p>\n\n\n\n<h2 class=\"wp-block-heading\">Blog A\u00e7ma \u00dccretli Mi?<\/h2>\n\n\n\n<p>\u0130nternetin insan hayat\u0131na girdi\u011fi g\u00fcnden itibaren g\u00fcnl\u00fck yazmak, blog yazmak insanlar i\u00e7in s\u00fcrekli bir tutku olmu\u015ftur. Bir konu veya d\u00fc\u015f\u00fcnce blog sayesinde bir\u00e7ok ki\u015fiyle payla\u015f\u0131labilir. Payla\u015f\u0131mlardan ekonomik anlamda kazan\u00e7 sa\u011flanabilir.<\/p>\n\n\n\n<p>Blog a\u00e7mak \u00fccretli mi? Sorusunu merak eden bir\u00e7ok ki\u015finin akl\u0131na tak\u0131lan konudur. Bu konuda \u00fccretsiz olarak kullan\u0131labilecek servisler mevuttur. Profesyonel bir blog a\u00e7\u0131lmak isteniliyorsa alan ad\u0131 ve hosting al\u0131nmas\u0131 gerekir. Sunulan bu hizmetlerin maliyeti mevcuttur.<\/p>\n\n\n\n<h2 class=\"wp-block-heading\">Blog A\u00e7mak \u0130\u00e7in Ne Yapmal\u0131?<\/h2>\n\n\n\n<p>Blog a\u00e7mak i\u00e7in \u00f6ncelikler web adresi s\u00fcrekli a\u00e7\u0131k bir bilgisayar ve programa ihtiya\u00e7 duyulur. Blog ile ilgili bir web sitesinin a\u00e7\u0131labilmesi i\u00e7in bunlar\u0131n bulunmas\u0131 gerekir.<\/p>\n\n\n\n<p><em>Bunlar\u0131n haricinde olmas\u0131 gerekenler ise \u015funlard\u0131r;<\/em><\/p>\n\n\n\n<ul class=\"wp-block-list\"><li>Web sitesinin alan ad\u0131 mevcut olmal\u0131. Ziyaret\u00e7ilerin her zaman takip edebilece\u011fi internet adresinin mevcut olmas\u0131 gerekir.<\/li><li>Web sitesini bar\u0131nd\u0131racak hostingin mevcut olmas\u0131. \u0130nstagram blogunun kesintisiz olarak saklanabilece\u011fi t\u00fcm verileri depolayacak hizmetin bulunmas\u0131 gerekir.<\/li><li>Platform iki i\u015flemi ger\u00e7ekle\u015ftirdikten sonra blog olu\u015fturma ve i\u00e7erik y\u00f6netimi i\u00e7in yaz\u0131l\u0131ma ihtiya\u00e7 bulunur.<\/li><\/ul>\n\n\n\n<h2 class=\"wp-block-heading\">Blog T\u00fcr\u00fc Ve \u00d6zellikleri<\/h2>\n\n\n\n<ul class=\"wp-block-list\"><li>\u0130nstagram da olu\u015fturulmu\u015f olan bloglar de\u011fi\u015fik t\u00fcrlerde ger\u00e7ekle\u015febilir.<\/li><li>Tek ki\u015fi taraf\u0131ndan yaz\u0131lan, g\u00fcnl\u00fck \u00f6zelli\u011fi ta\u015f\u0131yan blog t\u00fcr\u00fcd\u00fcr. Bu t\u00fcr bloglara ki\u015fisel blog denir.<\/li><li>Moda, m\u00fczik, edebiyat vb konular \u00fczerine yaz\u0131lm\u0131\u015f blog t\u00fcr\u00fcd\u00fcr. Bu t\u00fcr bloga tematik blog ad\u0131 verilir.<\/li><li>Birden fazla ki\u015fi taraf\u0131ndan yaz\u0131lan belli bir konuyu hedef alan blog t\u00fcr\u00fcne kolektif blog denir.<\/li><li>Kurumlar taraf\u0131ndan m\u00fc\u015fteri veya yat\u0131r\u0131mc\u0131lar\u0131 ilgilendiren blog t\u00fcr\u00fcd\u00fcr. Kurum imaj\u0131n\u0131n \u00f6n plana \u00e7\u0131kar\u0131lmas\u0131nda kullan\u0131lan bu t\u00fcr bloga Kurumsal blog ad\u0131 verilir.<\/li><\/ul>\n<\/p>","protected":false},"excerpt":{"rendered":"<p>G\u00fcn\u00fcm\u00fcz\u00fcn en pop\u00fcler soysal medya platformu olan \u0130nstagram kullan\u0131c\u0131 say\u0131s\u0131na her ge\u00e7en g\u00fcn yeni kullan\u0131c\u0131lar eklemektedir. Artan kullan\u0131c\u0131 say\u0131s\u0131n\u0131 g\u00fcncel tutmak i\u00e7in yeni \u00f6zellikler ile g\u00fcndemde kalmaya devam edece\u011fe benziyor.&#46;&#46;&#46;<\/p>\n","protected":false},"author":4,"featured_media":2088,"comment_status":"open","ping_status":"open","sticky":false,"template":"","format":"standard","meta":{"footnotes":""},"categories":[1],"tags":[423,422,425,424],"class_list":["post-2067","post","type-post","status-publish","format-standard","has-post-thumbnail","hentry","category-genel","tag-blog-acma","tag-instagram-blog","tag-instagram-blog-acma","tag-instagram-blog-acma-nasil-yapilir"],"_links":{"self":[{"href":"https:\/\/trmedya.co\/blog\/wp-json\/wp\/v2\/posts\/2067","targetHints":{"allow":["GET"]}}],"collection":[{"href":"https:\/\/trmedya.co\/blog\/wp-json\/wp\/v2\/posts"}],"about":[{"href":"https:\/\/trmedya.co\/blog\/wp-json\/wp\/v2\/types\/post"}],"author":[{"embeddable":true,"href":"https:\/\/trmedya.co\/blog\/wp-json\/wp\/v2\/users\/4"}],"replies":[{"embeddable":true,"href":"https:\/\/trmedya.co\/blog\/wp-json\/wp\/v2\/comments?post=2067"}],"version-history":[{"count":0,"href":"https:\/\/trmedya.co\/blog\/wp-json\/wp\/v2\/posts\/2067\/revisions"}],"wp:featuredmedia":[{"embeddable":true,"href":"https:\/\/trmedya.co\/blog\/wp-json\/wp\/v2\/media\/2088"}],"wp:attachment":[{"href":"https:\/\/trmedya.co\/blog\/wp-json\/wp\/v2\/media?parent=2067"}],"wp:term":[{"taxonomy":"category","embeddable":true,"href":"https:\/\/trmedya.co\/blog\/wp-json\/wp\/v2\/categories?post=2067"},{"taxonomy":"post_tag","embeddable":true,"href":"https:\/\/trmedya.co\/blog\/wp-json\/wp\/v2\/tags?post=2067"}],"curies":[{"name":"wp","href":"https:\/\/api.w.org\/{rel}","templated":true}]}}