{"id":2120,"date":"2021-06-20T18:48:43","date_gmt":"2021-06-20T15:48:43","guid":{"rendered":"https:\/\/trmedya.co\/blog\/?p=2120"},"modified":"2023-01-16T09:32:06","modified_gmt":"2023-01-16T06:32:06","slug":"twitter-dil-ayari","status":"publish","type":"post","link":"https:\/\/trmedya.co\/blog\/twitter-dil-ayari\/","title":{"rendered":"Twitter Dil Ayar\u0131 Nas\u0131l Yap\u0131l\u0131r?"},"content":{"rendered":"\n<p><strong>Twitter&nbsp;dil ayar\u0131<\/strong> d\u00fczenleme i\u015flemi genelde bu sosyal platforma ilk kez girenler i\u00e7in ara\u015ft\u0131r\u0131lan bir konudur. Hatta bu ki\u015filer dil dahil olmak \u00fczere di\u011fer konular ile ilgili de sorgulama yaparak ve sosyal platformu \u00e7\u00f6zmeye \u00e7al\u0131\u015fmaktad\u0131r.<\/p>\n\n\n\n<h2 class=\"wp-block-heading\">Twitter\u00a0Dil Ayar\u0131 Ad\u0131mlar\u0131<\/h2>\n\n\n\n<p><strong>Twitter dil ayar\u0131<\/strong> yapmak i\u00e7in takip edilecek baz\u0131 ad\u0131mlar vard\u0131r.<\/p>\n\n\n\n<p>Sosyal a\u011flar konu edildi\u011finde her zaman oldu\u011fu gibi Twitter&#8217;\u0131n dilini de\u011fi\u015ftirmeden \u00f6nce kullan\u0131c\u0131 ad\u0131 ve olu\u015fturulan \u015fifre ile giri\u015f yap\u0131lmas\u0131 \u00f6nemlidir. Bu yap\u0131lmad\u0131\u011f\u0131nda dil ayar\u0131n\u0131 de\u011fi\u015ftirmek s\u00f6z konusu de\u011fildir. Giri\u015f yap\u0131lmas\u0131n\u0131n ard\u0131ndan ekran\u0131n \u00fcst k\u0131sm\u0131ndaki kullan\u0131c\u0131n\u0131n foto\u011fraf\u0131n\u0131n sa\u011f\u0131ndaki k\u00fc\u00e7\u00fck simgeye t\u0131klanmal\u0131d\u0131r. \u0130mle\u00e7 buraya t\u0131kland\u0131\u011f\u0131nda &#8220;Profil ve konfig\u00fcrasyon&#8221; yaz\u0131s\u0131 ortaya \u00e7\u0131kmaktad\u0131r. Burada, &#8220;ayarlar&#8221;\u0131n t\u0131klanmas\u0131n\u0131 gerektiren k\u00fc\u00e7\u00fck bir men\u00fc g\u00f6r\u00fcnecektir.<\/p>\n\n\n\n<div class=\"wp-block-image\"><figure class=\"aligncenter size-large\"><img loading=\"lazy\" decoding=\"async\" width=\"1024\" height=\"576\" src=\"https:\/\/trmedya.co\/blog\/wp-content\/uploads\/2021\/06\/twitter-dil-ayari-nasil-yapilir-1024x576.jpg\" alt=\"\" class=\"wp-image-2122\" title=\"\"><figcaption>Twitter Dil Ayar\u0131<\/figcaption><\/figure><\/div>\n\n\n\n<p>Ard\u0131ndan hesap ayarlar\u0131n\u0131n oldu\u011fu ekran gelmekte, kullan\u0131c\u0131 ad\u0131 ile e-posta adresinden sonra \u00fc\u00e7\u00fcnc\u00fc se\u00e7enek de dil olmaktad\u0131r. Siyah oka t\u0131klayarak dil men\u00fcs\u00fcn\u00fcn a\u00e7\u0131lmas\u0131 yeterlidir Bu i\u015flemin ard\u0131ndan Twitter&#8217;\u0131n sundu\u011fu t\u00fcm diller g\u00f6r\u00fclmektedir.<\/p>\n\n\n\n<p>T\u00fcrk\u00e7eye ek olarak, Twitter dilini \u0130ngilizce, Frans\u0131zca, Rus\u00e7a, geleneksel ve basitle\u015ftirilmi\u015f \u00c7ince gibi ayarlama se\u00e7ene\u011fi de bulunmaktad\u0131r.<\/p>\n\n\n\n<p>Twitter hesab\u0131 i\u00e7in arzu edilen dil ile ilgili karar verilmesinin ard\u0131ndan ekran\u0131n en alt\u0131na gidilmelidir. Burada de\u011fi\u015fiklikleri kaydetmek i\u00e7in mavi d\u00fc\u011fme vard\u0131r ve o d\u00fc\u011fmeye t\u0131klanmal\u0131d\u0131r. Sosyal a\u011f kullan\u0131c\u0131dan kullan\u0131c\u0131 \u015fifresinin girmenizi isteyecektir. <\/p>\n\n\n\n<p>Bu yap\u0131ld\u0131\u011f\u0131nda Twitter hesab\u0131 zaten yeni dilde olacakt\u0131r. Se\u00e7enekler panelinin veya \u00fcst \u00e7ubu\u011fun dilleri de\u011fi\u015ftirdi\u011fi g\u00f6r\u00fclmektedir. B\u00f6ylece en \u00fcste gidip Twitter&#8217;\u0131 yeni dilde kullanmak s\u00f6z konusudur.<\/p>\n\n\n\n<h2 class=\"wp-block-heading\">Twitter Beta Modunda Olabilir<\/h2>\n\n\n\n<p>Twitter beta modundaki dillerden birinde g\u00f6r\u00fcnecek \u015fekilde yap\u0131land\u0131r\u0131ld\u0131ysa, bu test modunda olundu\u011funa dair bir mesaj g\u00f6r\u00fcnecektir. Mesajda, bir hata tespit edildi\u011finde Twitter \u00c7eviri Merkezi&#8217;ne bildirilmesi gerekti\u011fi belirtilmektedir. Bu \u00e7eviri merkezine eri\u015fmek i\u00e7in ayarlara gidilmelidir. Bu i\u015flemin ard\u0131ndan dilin hemen alt\u0131nda yeni bir sekmede a\u00e7\u0131lacak olan \u00c7eviri Merkezi ba\u011flant\u0131s\u0131 g\u00f6r\u00fclecektir. <\/p>\n\n\n\n<p><strong>Twitter\u00a0dil ayar\u0131<\/strong> de\u011fi\u015ftirme i\u015fleminin tamamlanmas\u0131 i\u00e7in \u015fartlar ve ko\u015fullar kabul edilmelidir. Sonras\u0131nda \u00e7evirmek istenilen dil se\u00e7ilmelidir. Bu i\u015flemin ard\u0131ndan farkl\u0131 dil \u00e7eviri g\u00f6revlerinin, bekleyen \u00e7evirilerin vb. g\u00f6r\u00fcnd\u00fc\u011f\u00fc ba\u015flang\u0131\u00e7 \u200b\u200bpaneline ula\u015f\u0131lmaktad\u0131r. Facebook gibi di\u011fer sosyal a\u011flarda oldu\u011fu gibi, Twitter kullan\u0131c\u0131lar\u0131 bunu kendi dillerine \u00e7evirmekle y\u00fck\u00fcml\u00fcd\u00fcr.<\/p>\n","protected":false},"excerpt":{"rendered":"<p>Twitter&nbsp;dil ayar\u0131 d\u00fczenleme i\u015flemi genelde bu sosyal platforma ilk kez girenler i\u00e7in ara\u015ft\u0131r\u0131lan bir konudur. Hatta bu ki\u015filer dil dahil olmak \u00fczere di\u011fer konular ile ilgili de sorgulama yaparak ve&#46;&#46;&#46;<\/p>\n","protected":false},"author":4,"featured_media":2121,"comment_status":"open","ping_status":"open","sticky":false,"template":"","format":"standard","meta":{"footnotes":""},"categories":[1],"tags":[],"class_list":["post-2120","post","type-post","status-publish","format-standard","has-post-thumbnail","hentry","category-genel"],"_links":{"self":[{"href":"https:\/\/trmedya.co\/blog\/wp-json\/wp\/v2\/posts\/2120","targetHints":{"allow":["GET"]}}],"collection":[{"href":"https:\/\/trmedya.co\/blog\/wp-json\/wp\/v2\/posts"}],"about":[{"href":"https:\/\/trmedya.co\/blog\/wp-json\/wp\/v2\/types\/post"}],"author":[{"embeddable":true,"href":"https:\/\/trmedya.co\/blog\/wp-json\/wp\/v2\/users\/4"}],"replies":[{"embeddable":true,"href":"https:\/\/trmedya.co\/blog\/wp-json\/wp\/v2\/comments?post=2120"}],"version-history":[{"count":0,"href":"https:\/\/trmedya.co\/blog\/wp-json\/wp\/v2\/posts\/2120\/revisions"}],"wp:featuredmedia":[{"embeddable":true,"href":"https:\/\/trmedya.co\/blog\/wp-json\/wp\/v2\/media\/2121"}],"wp:attachment":[{"href":"https:\/\/trmedya.co\/blog\/wp-json\/wp\/v2\/media?parent=2120"}],"wp:term":[{"taxonomy":"category","embeddable":true,"href":"https:\/\/trmedya.co\/blog\/wp-json\/wp\/v2\/categories?post=2120"},{"taxonomy":"post_tag","embeddable":true,"href":"https:\/\/trmedya.co\/blog\/wp-json\/wp\/v2\/tags?post=2120"}],"curies":[{"name":"wp","href":"https:\/\/api.w.org\/{rel}","templated":true}]}}