{"id":2246,"date":"2021-06-27T17:56:12","date_gmt":"2021-06-27T14:56:12","guid":{"rendered":"https:\/\/trmedya.co\/blog\/?p=2246"},"modified":"2023-01-16T09:28:30","modified_gmt":"2023-01-16T06:28:30","slug":"instagram-coklu-fotograf-paylasma","status":"publish","type":"post","link":"https:\/\/trmedya.co\/blog\/instagram-coklu-fotograf-paylasma\/","title":{"rendered":"Instagram \u00c7oklu Foto\u011fraf Payla\u015fma Nas\u0131l Yap\u0131l\u0131r?"},"content":{"rendered":"\r\n<p><strong>Instagram\u00a0\u00e7oklu foto\u011fraf payla\u015fma<\/strong> \u00f6zelli\u011fi ile birden fazla foto\u011fraf\u0131n tek bir hikayede ya da ak\u0131\u015fta payla\u015f\u0131lmas\u0131 m\u00fcmk\u00fcn olmu\u015ftur. Muhtemelen Instagram\u2019da foto\u011fraf galerileri ve videolar g\u00f6rm\u00fc\u015fs\u00fcn\u00fczd\u00fcr. \u0130lk foto\u011fraf\u0131n veya videonun alt\u0131nda noktal\u0131 bir \u00e7izgi oldu\u011funu da fark etmi\u015fsinizdir. Bu, \u00e7oklu foto\u011fraf\u0131n g\u00f6r\u00fclmesi i\u00e7in g\u00f6nderinin yatay olarak kayd\u0131rabilmesi i\u00e7indir.<\/p>\r\n<p>G\u00f6nderinin sa\u011f \u00fcst k\u00f6\u015fesinde, toplam foto\u011fraf say\u0131s\u0131 ve listede bulundu\u011funuz konumun yer ald\u0131\u011f\u0131 bilgiler vard\u0131r. \u00c7oklu foto\u011frafta ka\u00e7 foto\u011fraf varsa o kadar numara yer almaktad\u0131r. Bu rakamlar ayn\u0131 g\u00f6nderideki t\u00fcm foto\u011fraflar\u0131 g\u00f6r\u00fcp g\u00f6rmedi\u011finizi size bildirmektedir.<\/p>\r\n<p>\u0130nsanlar, di\u011fer g\u00f6nderiler gibi galeri bi\u00e7imindeki g\u00f6nderileri be\u011fenebilmekte ve yorum yazabilmektedir. Bununla birlikte, yorumlar ve be\u011feniler, yaln\u0131zca tek bir foto\u011fraf i\u00e7in de\u011fildir. Bu nedenle yorumlar t\u00fcm foto\u011fraflar i\u00e7in g\u00f6r\u00fcnmektedir.<\/p>\r\n<figure id=\"attachment_2252\" aria-describedby=\"caption-attachment-2252\" style=\"width: 446px\" class=\"wp-caption aligncenter\"><img loading=\"lazy\" decoding=\"async\" class=\" wp-image-2252\" src=\"https:\/\/trmedya.co\/blog\/wp-content\/uploads\/2021\/06\/instagram-coklu-fotograf-paylasma-nasil-yapilir-300x169.jpg\" alt=\"Instagram \u00c7oklu Foto\u011fraf Payla\u015fma\" width=\"446\" height=\"251\" title=\"\"><figcaption id=\"caption-attachment-2252\" class=\"wp-caption-text\">Instagram \u00c7oklu Foto\u011fraf Payla\u015fma<\/figcaption><\/figure>\r\n<h2>Instagram\u00a0\u00c7oklu Foto\u011fraf Payla\u015fma D\u00fczenlenebilir<\/h2>\r\n<p>Instagram\u2019da \u00e7oklu foto\u011fraf payla\u015f\u0131rken hangi foto\u011fraf\u0131n ilk s\u0131rada yer alaca\u011f\u0131na da karar verilmektedir. Hatta s\u0131ralamay\u0131 kullan\u0131c\u0131 belirlemektedir. Payla\u015f\u0131m yapmadan \u00f6nce foto\u011fraflar\u0131n s\u0131ralamas\u0131 se\u00e7ilebilmekte, payla\u015f denildi\u011fi anda belirlenen s\u0131ra ile palya\u015f\u0131m yap\u0131lmaktad\u0131r. Ayn\u0131 durum hikayeler i\u00e7in de ge\u00e7erlidir.<\/p>\r\n<p>Ancak payla\u015f\u0131mdan \u00f6nce olas\u0131 t\u00fcm ayarlamalar\u0131n yap\u0131lmas\u0131 gerekti\u011fi unutulmamal\u0131d\u0131r. G\u00f6nderdikten sonra galerilerin b\u00f6l\u00fcmlerinin yeniden d\u00fczenlenmesi ya da bir foto\u011fraf\u0131n silinmesi m\u00fcmk\u00fcn de\u011fildir. G\u00f6nderinin tamam\u0131n\u0131n silinmesi ise s\u00f6z konusudur. Hatal\u0131 bir foto\u011fraf konuldu\u011funda \u00e7oklu foto\u011fraflar\u0131n tamam\u0131 silinmeli ve do\u011fru foto\u011fraf konulduktan sonra yeniden payla\u015f\u0131lmal\u0131d\u0131r.<\/p>\r\n<p>Birden fazla video i\u00e7eren galerilerin y\u00fcklenmesinin ve g\u00f6r\u00fcnt\u00fclenmesinin tek y\u00fcklemelere g\u00f6re daha uzun s\u00fcrebilece\u011fi unutulmamal\u0131d\u0131r.<\/p>\r\n<h3>10 Adet Foto\u011fraf Veya Video Y\u00fcklenebilir<\/h3>\r\n<p><strong>Instagram\u00a0\u00e7oklu foto\u011fraf payla\u015fma<\/strong> i\u015flemi yaparken on adede kadar foto\u011fraf ve videonun y\u00fcklenmesi m\u00fcmk\u00fcn olmaktad\u0131r.<\/p>\r\n<p>\u00c7oklu foto\u011fraf payla\u015fmak i\u00e7in Instagram a\u00e7\u0131lmal\u0131 ve g\u00f6nderiyi olu\u015fturmaya ba\u015flamak i\u00e7in \u201c+\u201d d\u00fc\u011fmesine dokunulmal\u0131d\u0131r<\/p>\r\n<p>Altta iPhone i\u00e7in kitapl\u0131k Android i\u00e7in galeri g\u00f6r\u00fclmektedir.<\/p>\r\n<p>Bir &#8220;\u00e7oklu se\u00e7&#8221; d\u00fc\u011fmesi vard\u0131r ve ona dokunulmal\u0131d\u0131r.<\/p>\r\n<p>Bu i\u015flemin ard\u0131ndan en fazla on foto\u011fraf ve\/veya video se\u00e7ilebilmektedir.<\/p>\r\n<p>Her foto\u011fraf\u0131n veya videonun payla\u015f\u0131laca\u011f\u0131 ayarlanmal\u0131d\u0131r. Yani k\u0131rpma i\u015flemi yap\u0131lmal\u0131d\u0131r.<\/p>\r\n<p>Se\u00e7ilen y\u00f6n\u00fcn (kare, dikey veya yatay) g\u00f6nderideki t\u00fcm foto\u011fraflar\u0131 veya videolar\u0131 etkiledi\u011fi unutulmamal\u0131d\u0131r.<\/p>\r\n<p>\u0130\u015flem bitti\u011finde sa\u011f \u00fcst k\u00f6\u015fedeki &#8221; \u0130leri&#8221;ye dokunulmal\u0131d\u0131r.<\/p>\r\n<p>Di\u011fer g\u00f6nderilerde yap\u0131ld\u0131\u011f\u0131 gibi &#8220;Payla\u015f&#8221;a dokunulmal\u0131 ve i\u015flem tamamlanmal\u0131d\u0131r.<\/p>\r\n","protected":false},"excerpt":{"rendered":"<p>Instagram\u00a0\u00e7oklu foto\u011fraf payla\u015fma \u00f6zelli\u011fi ile birden fazla foto\u011fraf\u0131n tek bir hikayede ya da ak\u0131\u015fta payla\u015f\u0131lmas\u0131 m\u00fcmk\u00fcn olmu\u015ftur. Muhtemelen Instagram\u2019da foto\u011fraf galerileri ve videolar g\u00f6rm\u00fc\u015fs\u00fcn\u00fczd\u00fcr. \u0130lk foto\u011fraf\u0131n veya videonun alt\u0131nda noktal\u0131&#46;&#46;&#46;<\/p>\n","protected":false},"author":4,"featured_media":2251,"comment_status":"open","ping_status":"open","sticky":false,"template":"","format":"standard","meta":{"footnotes":""},"categories":[1],"tags":[437],"class_list":["post-2246","post","type-post","status-publish","format-standard","has-post-thumbnail","hentry","category-genel","tag-instagram-coklu-fotograf-paylasma"],"_links":{"self":[{"href":"https:\/\/trmedya.co\/blog\/wp-json\/wp\/v2\/posts\/2246","targetHints":{"allow":["GET"]}}],"collection":[{"href":"https:\/\/trmedya.co\/blog\/wp-json\/wp\/v2\/posts"}],"about":[{"href":"https:\/\/trmedya.co\/blog\/wp-json\/wp\/v2\/types\/post"}],"author":[{"embeddable":true,"href":"https:\/\/trmedya.co\/blog\/wp-json\/wp\/v2\/users\/4"}],"replies":[{"embeddable":true,"href":"https:\/\/trmedya.co\/blog\/wp-json\/wp\/v2\/comments?post=2246"}],"version-history":[{"count":0,"href":"https:\/\/trmedya.co\/blog\/wp-json\/wp\/v2\/posts\/2246\/revisions"}],"wp:featuredmedia":[{"embeddable":true,"href":"https:\/\/trmedya.co\/blog\/wp-json\/wp\/v2\/media\/2251"}],"wp:attachment":[{"href":"https:\/\/trmedya.co\/blog\/wp-json\/wp\/v2\/media?parent=2246"}],"wp:term":[{"taxonomy":"category","embeddable":true,"href":"https:\/\/trmedya.co\/blog\/wp-json\/wp\/v2\/categories?post=2246"},{"taxonomy":"post_tag","embeddable":true,"href":"https:\/\/trmedya.co\/blog\/wp-json\/wp\/v2\/tags?post=2246"}],"curies":[{"name":"wp","href":"https:\/\/api.w.org\/{rel}","templated":true}]}}