{"id":2264,"date":"2021-06-28T13:06:38","date_gmt":"2021-06-28T10:06:38","guid":{"rendered":"https:\/\/trmedya.co\/blog\/?p=2264"},"modified":"2023-01-16T09:28:14","modified_gmt":"2023-01-16T06:28:14","slug":"instagram-hesap-silme","status":"publish","type":"post","link":"https:\/\/trmedya.co\/blog\/instagram-hesap-silme\/","title":{"rendered":"Instagram Hesap Silme Nas\u0131l Yap\u0131l\u0131r?"},"content":{"rendered":"\n<p>Instagram hesap silme i\u00e7in ilk ad\u0131mda Instagram hesab\u0131n\u0131za giri\u015f ger\u00e7ekle\u015ftirerek, profil sayfan\u0131zdan, \u201cProfilim\u201c sekmesine t\u0131klaman\u0131z gerekir. Ard\u0131ndan ekrana gelen ve kullan\u0131c\u0131 ad\u0131n\u0131z\u0131n yan\u0131nda yer a\u015fan \u201cAyarlar\u201c men\u00fcs\u00fcne t\u0131klayarak, sol \u00fcstteki \u201cprofili d\u00fczenle\u201c se\u00e7ene\u011fini tercih edebilirsiniz. Yenilene sayfadan ise \u201chesap silme\u201c i\u015flem men\u00fcs\u00fcne t\u0131klay\u0131p, burada yer alan hesap kapatma sebeplerinden herhangi birini se\u00e7meniz gerekir. Se\u00e7im ile ekrana yans\u0131yan \u201chesab\u0131 kal\u0131c\u0131 \u015fekilde sil\u201c konutuna onay verdi\u011finiz ise i\u015flemi tamamlayabilirsiniz. Bu ad\u0131mlar ise <strong>Instagram hesap silme<\/strong> i\u015flemini kal\u0131c\u0131 olarak ger\u00e7ekle\u015ftirebilirsiniz.<\/p>\n\n\n\n<h2 class=\"wp-block-heading\"><strong>Ge\u00e7ici Instagram Hesab\u0131 Silme Nas\u0131l Yap\u0131l\u0131r?<\/strong><\/h2>\n\n\n\n<p><strong>Instagram hesab\u0131n\u0131 ge\u00e7ici \u015fekilde silmek<\/strong> i\u00e7in kal\u0131c\u0131 Instagram silme i\u015flemi yerine hesap dondurma y\u00f6nteminden yararlanman\u0131z gerekir. Ge\u00e7ici \u015fekilde hesap silme i\u00e7in izlemeniz gereken ad\u0131mlar ise \u015fu \u015fekildedir:<\/p>\n\n\n\n<ul class=\"wp-block-list\"><li>Instagram hesab\u0131n\u0131za telefon yerine bilgisayardan <a href=\"https:\/\/www.instagram.com\/accounts\/login\/?next=\/accounts\/remove\/request\/temporary\/\" target=\"_blank\" rel=\"noreferrer noopener\">https:\/\/www.instagram.com\/accounts\/login\/?next=\/accounts\/remove\/request\/temporary\/<\/a> linkini taray\u0131c\u0131da a\u00e7arak, giri\u015f yapman\u0131z ve profil alan\u0131n\u0131za ula\u015fman\u0131z gerekir. \u00c7\u00fcnk\u00fc mobil giri\u015f ile hesab\u0131 ge\u00e7ici \u015fekilde silme i\u015flemi yap\u0131lamaz.<\/li><li>\u0130\u015flem ile g\u00f6r\u00fcnt\u00fcleyece\u011finiz sayfadan \u201cProfili d\u00fczenle\u201c sene\u011fine t\u0131klamal\u0131s\u0131n\u0131z.<\/li><li>Gelen yeni ekran\u0131 a\u015fa\u011f\u0131 do\u011fru kayd\u0131rarak, sayfa alt\u0131nda bulunan \u201chesab\u0131 neden kapat\u0131yorsun?\u201c sorusunun kar\u015f\u0131s\u0131nda yer alan a\u00e7\u0131l\u0131r men\u00fcden bir sebep tercih etmeniz gerekir.<\/li><li>Tercih ard\u0131ndan pencereye gelen bo\u015flu\u011fa \u015fifrenizi girip, ekrana yans\u0131yan \u201chesab\u0131 ge\u00e7ici olarak kapat\u201c komutuna t\u0131klad\u0131\u011f\u0131n\u0131zda, hesab\u0131n\u0131z\u0131 ba\u015far\u0131yla dondurursunuz.<\/li><\/ul>\n\n\n\n<h2 class=\"wp-block-heading\"><strong>Instagram Kal\u0131c\u0131 Hesap Silme Geri Al\u0131nabilir mi?<\/strong><\/h2>\n\n\n\n<figure class=\"wp-block-image size-large\"><img loading=\"lazy\" decoding=\"async\" width=\"1024\" height=\"683\" src=\"https:\/\/trmedya.co\/blog\/wp-content\/uploads\/2021\/06\/instagram-hesap-silme-nasil-yapilir-1024x683.jpg\" alt=\"\" class=\"wp-image-2265\" title=\"\"><\/figure>\n\n\n\n<p>Instagram kal\u0131c\u0131 hesap silmeyi geri almak, hesap silme i\u015flemi \u00fczerinden 28 g\u00fcn ge\u00f6mi\u015fse m\u00fcmk\u00fcn de\u011fildir. E\u011fer Instagram hesab\u0131n\u0131z\u0131 ge\u00e7ici olarak dondurmak yerine kal\u0131c\u0131 bir \u015fekilde sildiyseniz, hesab\u0131n\u0131z tamamen iptal edilir. Di\u011fer Instagram kullan\u0131c\u0131lar\u0131 profilinizi ve g\u00f6nderilerinizi g\u00f6r\u00fcnt\u00fcleyemezler. Di\u011fer yandan art\u0131k hesab\u0131n\u0131z olmayaca\u011f\u0131ndan di\u011fer kullan\u0131c\u0131lar\u0131n arkada\u015f listelerinde de yer almazs\u0131n\u0131z.<\/p>\n\n\n\n<p>Kal\u0131c\u0131 <strong>Instagram hesap silme<\/strong> i\u015flemi ard\u0131ndan mesajlar\u0131n\u0131z, foto\u011fraflar\u0131n\u0131z ve di\u011fer g\u00f6nderileriniz de kal\u0131c\u0131 \u015fekilde silinir. Bu y\u00fczden Instagramda yer alan ve kaybetmek istemedi\u011finiz g\u00f6rseller varsa bunlar\u0131 yedekledikten sonra hesab\u0131 silmeniz daha do\u011fru olur.<\/p>\n\n\n\n<p>\u0130nceleyebilirsiniz: <a href=\"https:\/\/trmedya.co\/blog\/instagram-hesabi-dondurma-2\/\">Instagram hesab\u0131 dondurma y\u00f6ntemleri nelerdir?<\/a><\/p>\n\n\n\n<h2 class=\"wp-block-heading\"><strong>Instagram Ge\u00e7ici Hesap Silme G\u00f6nderileri Siler mi?<\/strong><\/h2>\n\n\n\n<p><strong>Instagram ge\u00e7ici hesap silmenin g\u00f6nderi silmesi<\/strong> m\u00fcmk\u00fcn de\u011fildir. Ge\u00e7ici hesap silme yani hesap dondurma i\u015fleminde Instagram kullan\u0131c\u0131n\u0131n tekrar geri d\u00f6nme ihtimaline kar\u015f\u0131 g\u00f6nderileri koruma alt\u0131nda tutar. Mesajlar\u0131n\u0131z ve g\u00f6nderileriniz silinmezken sistemde pasif \u015fekilde beklerler. Ancak hesab\u0131n\u0131z\u0131 pasif konua \u00e7ekti\u011finiz i\u00e7in profiliniz ve g\u00f6nderilerini di\u011fer Instagram kullan\u0131c\u0131lar\u0131 taraf\u0131ndan g\u00f6r\u00fclemezler. Tercih etti\u011finiz bir zamanda hesab\u0131n\u0131z\u0131 telefondan Instagrama giri\u015f ile tekrar aktif hale getirme ve kullanmaya devam etme \u015fans\u0131n\u0131z bulunur.<\/p>\n\n\n\n<h2 class=\"wp-block-heading\"><strong>Instagram Hesap Silme S\u00fcresi Ne Kadar?<\/strong><\/h2>\n\n\n\n<p>Instagram hesab\u0131n\u0131n silinme s\u00fcresi 28 g\u00fcn olarak belirlenmi\u015ftir. Hesab\u0131n\u0131z\u0131 ge\u00e7ici olarak sildiyseniz, 24 saat ard\u0131ndan diledi\u011finiz an tekrar aktifle\u015ftirme yapabilirsiniz. Ancak hesab\u0131n\u0131z\u0131 kal\u0131c\u0131 \u015fekilde silme komutu verdiyseniz, sadece 28 g\u00fcnl\u00fck s\u00fcre i\u00e7inde iptal \u015fans\u0131n\u0131z\u0131 kullanabilirsini. 28 g\u00fcn sonunda her hangi bir i\u015flem yapmazsan\u0131z hesap kal\u0131c\u0131 \u015fekilde silinir ve bir daha bu hesaba eri\u015fmek, a\u00e7mak veya iptal komutu vermek m\u00fcmk\u00fcn olmaz. <strong>Instagram hesap silme s\u00fcresi<\/strong> olan 28 g\u00fcn ard\u0131ndan hesap tamamen ortadan kalkar.<\/p>\n","protected":false},"excerpt":{"rendered":"<p>Instagram hesap silme i\u00e7in ilk ad\u0131mda Instagram hesab\u0131n\u0131za giri\u015f ger\u00e7ekle\u015ftirerek, profil sayfan\u0131zdan, \u201cProfilim\u201c sekmesine t\u0131klaman\u0131z gerekir. Ard\u0131ndan ekrana gelen ve kullan\u0131c\u0131 ad\u0131n\u0131z\u0131n yan\u0131nda yer a\u015fan \u201cAyarlar\u201c men\u00fcs\u00fcne t\u0131klayarak, sol \u00fcstteki&#46;&#46;&#46;<\/p>\n","protected":false},"author":4,"featured_media":2266,"comment_status":"open","ping_status":"open","sticky":false,"template":"","format":"standard","meta":{"footnotes":""},"categories":[1],"tags":[],"class_list":["post-2264","post","type-post","status-publish","format-standard","has-post-thumbnail","hentry","category-genel"],"_links":{"self":[{"href":"https:\/\/trmedya.co\/blog\/wp-json\/wp\/v2\/posts\/2264","targetHints":{"allow":["GET"]}}],"collection":[{"href":"https:\/\/trmedya.co\/blog\/wp-json\/wp\/v2\/posts"}],"about":[{"href":"https:\/\/trmedya.co\/blog\/wp-json\/wp\/v2\/types\/post"}],"author":[{"embeddable":true,"href":"https:\/\/trmedya.co\/blog\/wp-json\/wp\/v2\/users\/4"}],"replies":[{"embeddable":true,"href":"https:\/\/trmedya.co\/blog\/wp-json\/wp\/v2\/comments?post=2264"}],"version-history":[{"count":0,"href":"https:\/\/trmedya.co\/blog\/wp-json\/wp\/v2\/posts\/2264\/revisions"}],"wp:featuredmedia":[{"embeddable":true,"href":"https:\/\/trmedya.co\/blog\/wp-json\/wp\/v2\/media\/2266"}],"wp:attachment":[{"href":"https:\/\/trmedya.co\/blog\/wp-json\/wp\/v2\/media?parent=2264"}],"wp:term":[{"taxonomy":"category","embeddable":true,"href":"https:\/\/trmedya.co\/blog\/wp-json\/wp\/v2\/categories?post=2264"},{"taxonomy":"post_tag","embeddable":true,"href":"https:\/\/trmedya.co\/blog\/wp-json\/wp\/v2\/tags?post=2264"}],"curies":[{"name":"wp","href":"https:\/\/api.w.org\/{rel}","templated":true}]}}