{"id":2524,"date":"2021-07-15T13:50:00","date_gmt":"2021-07-15T10:50:00","guid":{"rendered":"https:\/\/trmedya.co\/blog\/?p=2524"},"modified":"2023-01-16T09:19:04","modified_gmt":"2023-01-16T06:19:04","slug":"instagram-takip-edemiyorum-sorunu","status":"publish","type":"post","link":"https:\/\/trmedya.co\/blog\/instagram-takip-edemiyorum-sorunu\/","title":{"rendered":"Instagram Takip Edemiyorum Sorunu Nas\u0131l \u00c7\u00f6z\u00fcl\u00fcr?"},"content":{"rendered":"\n<p><a href=\"https:\/\/www.instagram.com\/?hl=tr\" target=\"_blank\" rel=\"noreferrer noopener\">Instagram<\/a> takip edemiyorum sorunu, kullan\u0131c\u0131lar\u0131n zaman zaman kar\u015f\u0131la\u015ft\u0131\u011f\u0131 problemler aras\u0131nda yer al\u0131r. Instagram\u2019da takip limiti vard\u0131r. 7500 kullan\u0131c\u0131dan fazlas\u0131n\u0131 takip edemezsiniz. Ayr\u0131ca instagramda 30 dakikada en fazla 50 ki\u015fiyi takip edebilirsiniz. Bu da Instagram\u2019\u0131n ba\u015fka bir limitidir. <strong>Instagram takip edemiyorum<\/strong> <strong>sorunu<\/strong> pek \u00e7ok nedene ba\u011fl\u0131 olabilir.<\/p>\n\n\n\n<h2 class=\"wp-block-heading\"><strong>Instagram Takip Edemiyorum Sorunu Nedir?<\/strong><\/h2>\n\n\n\n<p><strong>Instagram takip edemiyorum sorununun sebepleri <\/strong>\u015fu \u015fekildedir:<\/p>\n\n\n\n<ul class=\"wp-block-list\"><li>Instagram hesab\u0131n\u0131z engellenmi\u015f olabilir.<\/li><li>E\u011fer anormal derecede aktivite varsa hesab\u0131n\u0131z bloklannm\u0131\u015f olabilir.<\/li><li>Ard\u0131 ard\u0131na fazla say\u0131da ki\u015fiyi takip ettiyseniz veya takibi b\u0131rakt\u0131ysan\u0131z sebebi bu olabilir.<\/li><\/ul>\n\n\n\n<p>Bu y\u00fczden Instagram taraf\u0131ndan yasaklanm\u0131\u015f olma ihtimalinize kar\u015f\u0131 1 g\u00fcn kadar beklemeniz \u00f6nerilir. Sorun hala \u00e7\u00f6z\u00fclmez ise uygulamay\u0131 silip 1-2 saat bekledikten sonra tekrar y\u00fckleyebilirsiniz.<\/p>\n\n\n\n<p>\u0130nceleyebilirsiniz: <a href=\"https:\/\/trmedya.co\/blog\/instagram-durduruldu\/\">Instagram Durduruldu Sorunu Nas\u0131l \u00c7\u00f6z\u00fcl\u00fcr<\/a>?<\/p>\n\n\n\n<h2 class=\"wp-block-heading\"><strong>Instagram Takip\u00e7i Engeli Nas\u0131l Kalkar?<\/strong><\/h2>\n\n\n\n<figure class=\"wp-block-image size-large\"><img loading=\"lazy\" decoding=\"async\" width=\"1024\" height=\"595\" src=\"https:\/\/trmedya.co\/blog\/wp-content\/uploads\/2021\/07\/instagram-takip-edemiyorum-sorunu-nasil-cozulur-1024x595.jpg\" alt=\"\" class=\"wp-image-2525\" title=\"\"><\/figure>\n\n\n\n<p>Instagram takip\u00e7i engelinin kald\u0131r\u0131lmas\u0131 i\u00e7in yap\u0131lmas\u0131 gerekenler \u015fu \u015fekildedir:<\/p>\n\n\n\n<ul class=\"wp-block-list\"><li>Takip\u00e7i engelinin kalkmas\u0131 i\u00e7in belli bir zaman\u0131n ge\u00e7mesi gerekir. Bu s\u00fcre&nbsp;24 saat ile 48 saat aras\u0131nda de\u011fi\u015fiklik g\u00f6sterir.<\/li><li>Bu s\u00fcreci h\u0131zland\u0131rmak i\u00e7in Instagram\u2019a neden \u00e7ok ki\u015fiyi takip etti\u011finizi anlatman\u0131z gerekir. Bunun i\u00e7in mant\u0131kl\u0131 bir nedeniniz olmas\u0131 gerekir. Bunun sonucunda&nbsp;Instagram y\u00f6neticileri taraf\u0131ndan takip engeliniz daha h\u0131zl\u0131 kalkar.<\/li><li>Bunu yapmak i\u00e7in; takip etmek istedi\u011finiz ki\u015fiyi takip etmeye \u00e7al\u0131\u015f\u0131rken ald\u0131\u011f\u0131n\u0131z uyar\u0131daki \u2018bizimle payla\u015f\u2019 butonuna t\u0131klayarak&nbsp;neden \u00e7ok say\u0131da ki\u015fiyi takip etti\u011finizi mant\u0131kl\u0131 ve k\u0131sa bir a\u00e7\u0131klamayla aktarman\u0131z gerekir.&nbsp;Bu i\u015flem sonucunda talebiniz kabul edilirse daha h\u0131zl\u0131 bir \u015fekilde&nbsp;Instagram takip\u00e7i engeliniz kalkar.<\/li><\/ul>\n\n\n\n<h2 class=\"wp-block-heading\"><strong>Instagram Hesab\u0131n\u0131n Ge\u00e7ici Engel Almas\u0131 Nedir?<\/strong><\/h2>\n\n\n\n<p><strong>Instagram hesab\u0131n\u0131n ge\u00e7ici engel almas\u0131<\/strong> ile ilgili bilinmesi gerekenler \u015fu \u015fekildedir:<\/p>\n\n\n\n<ul class=\"wp-block-list\"><li>Instagram \u2018\u0131n Aral\u0131k 2015\u2019te gelen g\u00fcncellemesi ile beraber \u201cIllegal Aktivite\u201d takibi de ba\u015flar. Bu takiple beraber, Instagram art\u0131k kimin Instagram \u2018\u0131 do\u011fru \u015fekilde kullan\u0131p kullanmad\u0131\u011f\u0131n\u0131 ciddi \u015fekilde g\u00f6zlemledi\u011fi g\u00f6r\u00fcl\u00fcr. \u00d6yle ki, belirtilen tarihten itibaren bir\u00e7ok engel sorunu ya\u015fanmaya ba\u015flar.<\/li><\/ul>\n\n\n\n<h2 class=\"wp-block-heading\"><strong>Instagam Hesab\u0131n\u0131n Ge\u00e7ici Engellendi\u011fi Nas\u0131l Anla\u015f\u0131l\u0131r?<\/strong><\/h2>\n\n\n\n<p>Instagram hesab\u0131n\u0131z\u0131n ge\u00e7ici engellendi\u011fini anlamak i\u00e7in, birilerini takip etmeyi veya foto\u011fraflar\u0131n\u0131 be\u011fenmeyi deneyin, e\u011fer siz takip ettikten veya foto\u011fraf\u0131 be\u011fendikten 2-3 saniye sonra takip ve be\u011feni i\u015flemi geri \u00e7ekiliyorsa, hesab\u0131n\u0131z&nbsp;ge\u00e7ici&nbsp;engel&nbsp;alm\u0131\u015f demektir. Bu durum kar\u015f\u0131s\u0131nda <strong>Instagram takip edemiyorum<\/strong> <strong>sorunu<\/strong> ortaya \u00e7\u0131kar.<\/p>\n\n\n\n<h2 class=\"wp-block-heading\"><strong>Instagam Hesab\u0131n\u0131n Ge\u00e7ici Engeli Nas\u0131l Kald\u0131r\u0131l\u0131r?<\/strong><\/h2>\n\n\n\n<p><strong>Instagram hesab\u0131n\u0131n ge\u00e7ici engelini kald\u0131rmak<\/strong> i\u00e7in yap\u0131lmas\u0131 gerekenler \u015fu \u015fekildedir:<\/p>\n\n\n\n<ul class=\"wp-block-list\"><li>\u00d6ncelikle, endi\u015felenmenize gerek yoktur. En ba\u015f\u0131ndan itibaren hesab\u0131n\u0131za ba\u015far\u0131l\u0131 \u015fekilde giri\u015f yapabildiyseniz, hesab\u0131n\u0131z\u0131n ge\u00e7ici bir engel ald\u0131\u011f\u0131na emin olabilirsiniz. Bu da demek oluyor ki&nbsp;en ge\u00e7 24-48 saat&nbsp;i\u00e7inde hesap aktiviteleriniz kendili\u011finden normale d\u00f6necektir. Bu s\u00fcre\u00e7te bilmedi\u011finiz bir i\u015flem yapmak sorun yaratabilir. Dolas\u0131yla,&nbsp;beklemeniz en kesin \u00e7\u00f6z\u00fcmd\u00fcr.<\/li><\/ul>\n\n\n\n<p>Belirli kural ihlalleri ya da a\u015f\u0131r\u0131ya ka\u00e7an kullan\u0131mlar sonucunda <strong>Instagram takip edemiyorum<\/strong> <strong>sorunu<\/strong> ile kar\u015f\u0131la\u015fabilirsiniz. Bu durum ge\u00e7icidir ve belirli bir s\u00fcre beklemeniz ard\u0131ndan sistem taraf\u0131ndan d\u00fczeltilebilir.<\/p>\n","protected":false},"excerpt":{"rendered":"<p>Instagram takip edemiyorum sorunu, kullan\u0131c\u0131lar\u0131n zaman zaman kar\u015f\u0131la\u015ft\u0131\u011f\u0131 problemler aras\u0131nda yer al\u0131r. Instagram\u2019da takip limiti vard\u0131r. 7500 kullan\u0131c\u0131dan fazlas\u0131n\u0131 takip edemezsiniz. Ayr\u0131ca instagramda 30 dakikada en fazla 50 ki\u015fiyi takip&#46;&#46;&#46;<\/p>\n","protected":false},"author":4,"featured_media":2526,"comment_status":"open","ping_status":"open","sticky":false,"template":"","format":"standard","meta":{"footnotes":""},"categories":[1],"tags":[],"class_list":["post-2524","post","type-post","status-publish","format-standard","has-post-thumbnail","hentry","category-genel"],"_links":{"self":[{"href":"https:\/\/trmedya.co\/blog\/wp-json\/wp\/v2\/posts\/2524","targetHints":{"allow":["GET"]}}],"collection":[{"href":"https:\/\/trmedya.co\/blog\/wp-json\/wp\/v2\/posts"}],"about":[{"href":"https:\/\/trmedya.co\/blog\/wp-json\/wp\/v2\/types\/post"}],"author":[{"embeddable":true,"href":"https:\/\/trmedya.co\/blog\/wp-json\/wp\/v2\/users\/4"}],"replies":[{"embeddable":true,"href":"https:\/\/trmedya.co\/blog\/wp-json\/wp\/v2\/comments?post=2524"}],"version-history":[{"count":0,"href":"https:\/\/trmedya.co\/blog\/wp-json\/wp\/v2\/posts\/2524\/revisions"}],"wp:featuredmedia":[{"embeddable":true,"href":"https:\/\/trmedya.co\/blog\/wp-json\/wp\/v2\/media\/2526"}],"wp:attachment":[{"href":"https:\/\/trmedya.co\/blog\/wp-json\/wp\/v2\/media?parent=2524"}],"wp:term":[{"taxonomy":"category","embeddable":true,"href":"https:\/\/trmedya.co\/blog\/wp-json\/wp\/v2\/categories?post=2524"},{"taxonomy":"post_tag","embeddable":true,"href":"https:\/\/trmedya.co\/blog\/wp-json\/wp\/v2\/tags?post=2524"}],"curies":[{"name":"wp","href":"https:\/\/api.w.org\/{rel}","templated":true}]}}