{"id":2660,"date":"2021-08-16T10:36:41","date_gmt":"2021-08-16T07:36:41","guid":{"rendered":"https:\/\/trmedya.co\/blog\/?p=2660"},"modified":"2023-01-16T09:13:53","modified_gmt":"2023-01-16T06:13:53","slug":"instagramda-baskasinin-hikayesini-paylasma","status":"publish","type":"post","link":"https:\/\/trmedya.co\/blog\/instagramda-baskasinin-hikayesini-paylasma\/","title":{"rendered":"Instagram&#8217;da Ba\u015fkas\u0131n\u0131n Hikayesini Payla\u015fma"},"content":{"rendered":"\n<p>Instagram&#8217;da ba\u015fkas\u0131n\u0131n hikayesini payla\u015fmak i\u00e7in \u00f6ncelikle hikayesini payla\u015faca\u011f\u0131n\u0131z ki\u015finin sizinle takiple\u015fiyor olmas\u0131 gerekir. Kullan\u0131c\u0131, Instagram&#8217;da yap\u0131lan bir payla\u015f\u0131m\u0131 kendi hikayesinde payla\u015fmak istiyorsa payla\u015f\u0131lan g\u00f6nderiye etiketlenmi\u015f olmas\u0131 laz\u0131md\u0131r. Bir hikayeye etiketlendi\u011fi takdirde bu durum bilgilendirme mesaj\u0131 i\u00e7erisinde kullan\u0131c\u0131ya iletilir. Bildirim a\u00e7\u0131ld\u0131\u011f\u0131 zaman linke t\u0131kland\u0131\u011f\u0131nda hikaye payla\u015fma \u015fans\u0131na sahip olunabilir.<\/p>\n\n\n\n<p>Bu <a href=\"https:\/\/www.instagram.com\/\" target=\"_blank\" rel=\"noreferrer noopener\">Instagram<\/a> kullan\u0131c\u0131lar\u0131n\u0131n en sevdi\u011fi \u00f6zelliklerden bir tanesi olmu\u015ftur. \u00c7\u00fcnk\u00fc \u00e7ok be\u011fenilen bir foto\u011fraf\u0131n birden fazla ki\u015finin ayn\u0131 anda payla\u015fmas\u0131na gerek kalmaz. \u00d6rne\u011fin arkada\u015flarla \u00e7ekilen bir foto\u011fraf\u0131 grubun i\u00e7erisinden bir ki\u015fi payla\u015f\u0131p etiket yaparsa di\u011ferleri kolayl\u0131kla hik\u00e2yesinde al\u0131nt\u0131layabilir. Bu Instagram kullan\u0131c\u0131lar\u0131 i\u00e7in \u00e7ok b\u00fcy\u00fck kolayl\u0131k olu\u015fturan bir \u00f6zelliktir.<\/p>\n\n\n\n<p>Ancak <strong>Instagram&#8217;da ba\u015fkas\u0131n\u0131n hikayesini payla\u015fmak<\/strong> i\u00e7in ki\u015finin g\u00fcncel bir Instagram kullan\u0131c\u0131s\u0131 olmas\u0131 \u015fartt\u0131r. Uygulaman\u0131n g\u00fcncel olmamas\u0131 halinde ne yaz\u0131k ki b\u00f6yle bir i\u015flem yapamaz. Instagram \u00fczerinden di\u011fer kullan\u0131c\u0131lar\u0131n yapt\u0131\u011f\u0131 payla\u015f\u0131mlar\u0131 kendi i\u00e7erisinde al\u0131nt\u0131layan ki\u015filer ayn\u0131 zamanda bu hikayeleri \u00f6ne \u00e7\u0131kararak profilinde sabitleyebilir. Instagram hikaye \u00f6zelli\u011fi Instagram&#8217;\u0131n en \u00e7ok sevilen ve tercih edilen bir \u00f6zelli\u011fi oldu\u011fu i\u00e7in hikaye at\u0131lmas\u0131 kullan\u0131c\u0131lara daha cazip gelir. &nbsp;<\/p>\n\n\n\n<h2 class=\"wp-block-heading\"><strong>Instagram Hikaye Al\u0131nt\u0131lama Nas\u0131l Yap\u0131l\u0131r?<\/strong><strong><\/strong><\/h2>\n\n\n\n<p><strong>Instagram \u00fczerinden hikayenin al\u0131nt\u0131lanmas\u0131 i\u00e7in <\/strong>kullan\u0131c\u0131n\u0131n gelen bildirime t\u0131klamas\u0131 yeterli olacakt\u0131r. Bir Instagram kullan\u0131c\u0131s\u0131 sizi bir hikayeye etiket yapt\u0131\u011f\u0131 zaman mutlaka mesaj k\u0131sm\u0131nda bildirim olarak iletilir. Bu mesaja bak\u0131ld\u0131\u011f\u0131 zaman hikayene ekle linkine t\u0131klan\u0131rsa ki\u015fi kendi hikayesinde kolayl\u0131kla payla\u015f\u0131m yapm\u0131\u015f olacakt\u0131r. Ba\u015fkas\u0131n\u0131n hikayesini direkt olarak payla\u015fmak i\u00e7in en \u00f6nemli \u015fart kullan\u0131c\u0131lar\u0131n birbirini takip etmesidir. Aksi halde kullan\u0131c\u0131lar birbirini etiketleyemez veya al\u0131nt\u0131 yapamaz.<\/p>\n\n\n\n<p>\u0130nceleyebilirsiniz: <a href=\"https:\/\/trmedya.co\/blog\/instagramda-baskasinin-gonderisini-paylasma\/\">Instagram&#8217;da Ba\u015fkas\u0131n\u0131n G\u00f6nderisini Payla\u015fma<\/a><\/p>\n\n\n\n<h2 class=\"wp-block-heading\"><strong>Instagram\u2019da Ba\u015fkas\u0131n\u0131n Hikayesini Payla\u015fma Y\u00f6ntemleri Nelerdir?<\/strong><\/h2>\n\n\n\n<figure class=\"wp-block-image size-full\"><img loading=\"lazy\" decoding=\"async\" width=\"800\" height=\"480\" src=\"https:\/\/trmedya.co\/blog\/wp-content\/uploads\/2021\/08\/instagramda-baskasinin-hikayesini-paylasma.jpg\" alt=\"\" class=\"wp-image-2661\" title=\"\"><\/figure>\n\n\n\n<p>Instagram ba\u015fkas\u0131n\u0131n hikayesini al\u0131nt\u0131lama yollar\u0131 s\u00f6z konusu oldu\u011funda ki\u015fi istedi\u011fi yolu tercih edip bu i\u015flemi ba\u015far\u0131l\u0131 bir \u015fekilde tamamlayabilir. Bu i\u015flemin en kolay yolu hikayeye etiketlenerek al\u0131nt\u0131lama yap\u0131lmas\u0131d\u0131r. Fakat <strong>Instagram\u2019da ba\u015fkas\u0131n\u0131n hikayesini payla\u015fmak<\/strong> i\u00e7in bu y\u00f6ntem iki kullan\u0131c\u0131n\u0131n takiple\u015fmesine dayan\u0131r. E\u011fer Instagram \u00fczerinde \u00e7ok sevilen tan\u0131nm\u0131\u015f bir ki\u015finin hikayesi payla\u015f\u0131lmak isteniyorsa yap\u0131lmas\u0131 gereken tek alternatif y\u00f6ntem hikayenin ekran g\u00f6r\u00fcnt\u00fcs\u00fc al\u0131nmas\u0131d\u0131r. Ekran g\u00f6r\u00fcnt\u00fcs\u00fc al\u0131nan hikayeyi ki\u015fi istedi\u011fi \u015fekilde takip\u00e7ileri ile payla\u015fabilir.<\/p>\n\n\n\n<h2 class=\"wp-block-heading\"><strong>Payla\u015f\u0131mlar Di\u011fer Instagram Kullan\u0131c\u0131lar\u0131 Taraf\u0131ndan Etiketlenebilir Mi?<\/strong><strong><\/strong><\/h2>\n\n\n\n<p><strong>Hikaye payla\u015f\u0131mlar\u0131n\u0131n her iki taraftan yap\u0131lmas\u0131<\/strong> m\u00fcmk\u00fcn olan bir durumdur. E\u011fer siz bir payla\u015f\u0131m yap\u0131yorsan\u0131z di\u011fer kullan\u0131c\u0131lar sizin payla\u015f\u0131m\u0131n\u0131za etiket yapabilir. Bu i\u015flemin daha kolay ve h\u0131zl\u0131 bir \u015fekilde yap\u0131lmas\u0131 i\u00e7in uygulaman\u0131n mobil cihazda kullan\u0131lmas\u0131 \u00f6nerilen bir durumdur. Mobil cihazda etiket i\u015flemini yapmak i\u00e7in mutlaka internet ba\u011flant\u0131s\u0131n\u0131n olmas\u0131na dikkat edilmesi gerekir. \u0130nternet olmadan yap\u0131lan etiketler ge\u00e7erli olmaz.<\/p>\n\n\n\n<h2 class=\"wp-block-heading\"><strong>Payla\u015f\u0131lan Hikayeyi Ba\u015fka Bir Kullan\u0131c\u0131 Al\u0131nt\u0131layabilir Mi?<\/strong><strong><\/strong><\/h2>\n\n\n\n<p>Hikayenin bir ba\u015fkas\u0131 taraf\u0131ndan payla\u015f\u0131lmas\u0131 i\u00e7in kullan\u0131c\u0131lar\u0131n birbiri ile takiple\u015fiyor olmas\u0131 gerekir. Instagram \u00fczerinden yap\u0131lan payla\u015f\u0131mlar sadece takip\u00e7iler taraf\u0131ndan g\u00f6r\u00fcn\u00fcr. Tabi bu gizli hesab\u0131 olan ki\u015filer i\u00e7in ge\u00e7erlidir. Herkese a\u00e7\u0131k bir hesaba sahip olan ki\u015filer t\u00fcm Instagram kullan\u0131c\u0131lar\u0131 taraf\u0131ndan g\u00f6r\u00fcnebilir. Hikayeler ve g\u00f6nderiler uygulamada herkese a\u00e7\u0131k olarak yay\u0131nlan\u0131r. Bir hikaye payla\u015f\u0131l\u0131rken hikayeye etiketlenen ki\u015filer kolayl\u0131kla kendi hesaplar\u0131nda bu hikayenin payla\u015f\u0131m\u0131n\u0131 yapabilir. Bu sayede di\u011fer kullan\u0131c\u0131n\u0131n bir foto\u011fraf\u0131 veya videoyu tekrar payla\u015fmas\u0131na gerek kalmaz. Al\u0131nt\u0131 yapmak t\u00fcm i\u015flemleri kolayla\u015ft\u0131rm\u0131\u015ft\u0131r. Instagram repost uygulamalar\u0131n\u0131 kullanarak <strong>Instagram\u2019da ba\u015fkas\u0131n\u0131n hikayesini payla\u015fmak<\/strong> m\u00fcmk\u00fcnd\u00fcr.<\/p>\n\n\n\n<p>Uygulama kullan\u0131larak be\u011fenilen ve payla\u015f\u0131lmak istenen bir g\u00f6nderinin post mu yoksa hikaye olarak m\u0131 al\u0131nt\u0131lanaca\u011f\u0131na karar verilir. Gerekli d\u00fczenlemeler yap\u0131ld\u0131ktan sonra Instagram hikayesi payla\u015f\u0131labilir. Hikaye al\u0131nt\u0131lamas\u0131 yapmak i\u00e7in ki\u015finin birden fazla se\u00e7ene\u011fi vard\u0131r. Bu belirtilen se\u00e7enekler aras\u0131nda ki\u015fi istedi\u011fi y\u00f6ntemle payla\u015f\u0131m yapabilir.<\/p>\n","protected":false},"excerpt":{"rendered":"<p>Instagram&#8217;da ba\u015fkas\u0131n\u0131n hikayesini payla\u015fmak i\u00e7in \u00f6ncelikle hikayesini payla\u015faca\u011f\u0131n\u0131z ki\u015finin sizinle takiple\u015fiyor olmas\u0131 gerekir. Kullan\u0131c\u0131, Instagram&#8217;da yap\u0131lan bir payla\u015f\u0131m\u0131 kendi hikayesinde payla\u015fmak istiyorsa payla\u015f\u0131lan g\u00f6nderiye etiketlenmi\u015f olmas\u0131 laz\u0131md\u0131r. Bir hikayeye etiketlendi\u011fi&#46;&#46;&#46;<\/p>\n","protected":false},"author":4,"featured_media":2662,"comment_status":"open","ping_status":"open","sticky":false,"template":"","format":"standard","meta":{"footnotes":""},"categories":[1],"tags":[],"class_list":["post-2660","post","type-post","status-publish","format-standard","has-post-thumbnail","hentry","category-genel"],"_links":{"self":[{"href":"https:\/\/trmedya.co\/blog\/wp-json\/wp\/v2\/posts\/2660","targetHints":{"allow":["GET"]}}],"collection":[{"href":"https:\/\/trmedya.co\/blog\/wp-json\/wp\/v2\/posts"}],"about":[{"href":"https:\/\/trmedya.co\/blog\/wp-json\/wp\/v2\/types\/post"}],"author":[{"embeddable":true,"href":"https:\/\/trmedya.co\/blog\/wp-json\/wp\/v2\/users\/4"}],"replies":[{"embeddable":true,"href":"https:\/\/trmedya.co\/blog\/wp-json\/wp\/v2\/comments?post=2660"}],"version-history":[{"count":0,"href":"https:\/\/trmedya.co\/blog\/wp-json\/wp\/v2\/posts\/2660\/revisions"}],"wp:featuredmedia":[{"embeddable":true,"href":"https:\/\/trmedya.co\/blog\/wp-json\/wp\/v2\/media\/2662"}],"wp:attachment":[{"href":"https:\/\/trmedya.co\/blog\/wp-json\/wp\/v2\/media?parent=2660"}],"wp:term":[{"taxonomy":"category","embeddable":true,"href":"https:\/\/trmedya.co\/blog\/wp-json\/wp\/v2\/categories?post=2660"},{"taxonomy":"post_tag","embeddable":true,"href":"https:\/\/trmedya.co\/blog\/wp-json\/wp\/v2\/tags?post=2660"}],"curies":[{"name":"wp","href":"https:\/\/api.w.org\/{rel}","templated":true}]}}