{"id":2777,"date":"2021-09-15T10:35:37","date_gmt":"2021-09-15T07:35:37","guid":{"rendered":"https:\/\/trmedya.co\/blog\/?p=2777"},"modified":"2023-01-16T09:09:03","modified_gmt":"2023-01-16T06:09:03","slug":"instagram-fotograf-gizlilik-ayarlari","status":"publish","type":"post","link":"https:\/\/trmedya.co\/blog\/instagram-fotograf-gizlilik-ayarlari\/","title":{"rendered":"Instagram Foto\u011fraf Gizlilik Ayarlar\u0131"},"content":{"rendered":"\n<p><a href=\"https:\/\/www.instagram.com\/\" target=\"_blank\" rel=\"noreferrer noopener\">Instagram<\/a> foto\u011fraf gizlilik ayarlar\u0131 kullan\u0131c\u0131lar\u0131n gizlili\u011fini korumay\u0131 ama\u00e7lamaktad\u0131r. Bu uygulama tamamen ki\u015filerin foto\u011fraflar\u0131n\u0131 payla\u015fmas\u0131na y\u00f6nelik oldu\u011fundan, site insanlara kimin foto\u011fraflar\u0131 g\u00f6r\u00fcp g\u00f6remeyece\u011fi ba\u015fta olmak \u00fczere \u00e7e\u015fitli \u00f6zelle\u015ftirmeler sunmaktad\u0131r. <strong>Instagram <\/strong>\u00f6zellikleri sayesinde foto\u011fraflar\u0131n\u0131z\u0131 sadece belli bir ki\u015fiye saklayabilir, bu s\u0131rada di\u011fer ki\u015filerin hala fo\u011fo\u011fraf\u0131n\u0131z\u0131 g\u00f6rmesini sa\u011flayabilirsiniz. E\u011fer bir ki\u015finin foto\u011fraf\u0131n\u0131z\u0131 g\u00f6rmesini istemiyorsan\u0131z bunun i\u00e7in en etkili yol o ki\u015fiyi engellemek olacakt\u0131r. Bunun d\u0131\u015f\u0131nda ki\u015finin sadece hikayelerinizi g\u00f6rmesini istemezseniz hikayelerinizi de gizleyebilirsiniz. Ki\u015finin ondan hikayelerinizi gizledi\u011finizden haberi olmayacakt\u0131r.<\/p>\n\n\n\n<h2 class=\"wp-block-heading\"><strong>Instagram Hikayeyi Belli Ki\u015filerden Nas\u0131l Gizlerim?<\/strong><\/h2>\n\n\n\n<p><strong>Instagram hikayelerini belli ki\u015filerden gizlemek <\/strong>\u00f6zelli\u011fi sayesinde ki\u015fiyi engellemeye gerek kalmadan o ki\u015finin hikayelerinizi g\u00f6rmesini engelleyebilrsiniz. Bu ki\u015fi hala sizi takip ediyor olacak ancak siz bir hikaye att\u0131\u011f\u0131n\u0131z zaman att\u0131\u011f\u0131n\u0131z hikayeyi g\u00f6remeyecek. Buna hikaye gizleme \u00f6zelli\u011fi ad\u0131 verilmektedir. Bir ki\u015fiden hikayenizi gizlemek i\u00e7in yapman\u0131z gerekenler \u015fu \u015fekilde s\u0131ralanm\u0131\u015ft\u0131r:<\/p>\n\n\n\n<ul class=\"wp-block-list\"><li>Profilinize gittikten sonra ayarlar sekmesine t\u0131klay\u0131n.<\/li><li>Hikaye kontrolleri \u00fczerine t\u0131klay\u0131n.<\/li><li>Hikayeyi gizleye dokunun.<\/li><li>Hikayenizi kimin g\u00f6rmek istemedi\u011fini se\u00e7in ve bitti se\u00e7ene\u011fine okunun.<\/li><\/ul>\n\n\n\n<p>Diledi\u011finiz zaman ki\u015fiyi engellenmi\u015fler listesinden kald\u0131rarak yeniden hikayenizi g\u00f6rmesini sa\u011flayabilirsiniz.<\/p>\n\n\n\n<h2 class=\"wp-block-heading\"><strong>Instagram Payla\u015f\u0131lm\u0131\u015f Foto\u011fraf\u0131 Ge\u00e7ici Olarak Nas\u0131l Gizlerim?<\/strong><\/h2>\n\n\n\n<p>Instagram payla\u015f\u0131lan foto\u011fraf\u0131 ge\u00e7ici gizlemek isterseniz foto\u011fraf\u0131 yeniden g\u00f6ndermenize gerek kalmadan onu bir s\u00fcre i\u00e7in profilinizde sakl\u0131 tutabilirsiniz. Buna ar\u015fiv \u00f6zelli\u011fi de denmektedir. Foto\u011fraf\u0131n\u0131z\u0131 ar\u015five adl\u0131\u011f\u0131n\u0131z andan itibaren bu foto\u011fraflar g\u00f6z\u00fckmez. Ancak diledi\u011finiz zaman bu foto\u011fraf\u0131 yeniden g\u00f6r\u00fcn\u00fcr hale getirebilirsiniz. Foto\u011fraf\u0131n\u0131z\u0131 ar\u015fivlemek i\u00e7in ar\u015fivlemek istedi\u011finiz foto\u011frafa gelin. Daha sonra \u00fc\u00e7 nokta simgesine t\u0131klay\u0131n. Burada ar\u015fivle se\u00e7ene\u011fi g\u00f6r\u00fcnecek. Onun \u00fczerine t\u0131klay\u0131n. Art\u0131k foto\u011fraf\u0131n\u0131z ar\u015fivlenmi\u015f olacak ve profilinize giren bir ki\u015fi onu g\u00f6remeyecek.<\/p>\n\n\n\n<p>\u0130nceleyebilirsiniz: <a href=\"https:\/\/trmedya.co\/blog\/instagram-goruntulu-arama-ayarlari\/\">Instagram G\u00f6r\u00fcnt\u00fcl\u00fc Arama Ayarlar\u0131<\/a><\/p>\n\n\n\n<h2 class=\"wp-block-heading\"><strong>Instagram Payla\u015f\u0131lm\u0131\u015f Foto\u011fraf\u0131 Ge\u00e7ici Gizlemeyi Nas\u0131l Kald\u0131r\u0131r\u0131m?<\/strong><\/h2>\n\n\n\n<figure class=\"wp-block-image size-large\"><img loading=\"lazy\" decoding=\"async\" width=\"1024\" height=\"750\" src=\"https:\/\/trmedya.co\/blog\/wp-content\/uploads\/2021\/09\/instagram-fotograf-gizlilik-ayarlari-1024x750.jpg\" alt=\"\" class=\"wp-image-2778\" title=\"\"><\/figure>\n\n\n\n<p><strong>Instagram ge\u00e7ici foto\u011fraf\u0131 gizlemeyi kald\u0131rmak <\/strong>isterseniz ilk olarak gizledi\u011finiz foto\u011fraf\u0131n \u00fczerine gelmeniz gerekiyor. Gizledi\u011finiz foto\u011fraf\u0131n \u00fczerine geldikten sonra sa\u011f \u00fcst k\u0131s\u0131mda yer alan 3 noktaya t\u0131klay\u0131n.&nbsp; Bu noktaya t\u0131klad\u0131\u011f\u0131n\u0131zda ar\u015fivden \u00e7\u0131kar se\u00e7ene\u011fini g\u00f6receksiniz. Se\u00e7ene\u011fin \u00fczerine t\u0131klay\u0131n. Foto\u011fraf\u0131n\u0131z art\u0131k ar\u015fivden \u00e7\u0131km\u0131\u015f olacak. Ar\u015fivden \u00e7\u0131kard\u0131\u011f\u0131n\u0131z foto\u011fraflar\u0131n\u0131z g\u00f6r\u00fcn\u00fcr vaziyette kal\u0131r. Bir kere gizledi\u011finiz foto\u011fraflar\u0131 her zaman geri getirebilirsiniz.<\/p>\n\n\n\n<h2 class=\"wp-block-heading\"><strong>Instagram Payla\u015f\u0131lm\u0131\u015f Foto\u011fraf\u0131 Takip\u00e7i Olmayanlardan Nas\u0131l Gizlerim?<\/strong><\/h2>\n\n\n\n<p>Instagram payla\u015f\u0131lan foto\u011fraf\u0131 takip\u00e7i olmayanlardan gizlemek isterseniz bunu bir dokunu\u015fla yapmak m\u00fcmk\u00fcn. Gizlili\u011finize \u00f6nem veren&nbsp; biriyseniz ve foto\u011fraf\u0131n\u0131z\u0131 herkesin g\u00f6rmesini istemezseniz takip\u00e7i olmayan ki\u015filerin foto\u011fraf\u0131n\u0131za eri\u015fmesini rahatl\u0131kla engelleyebilirsiniz. Bunu yapmak kal\u0131c\u0131 olmad\u0131\u011f\u0131ndan diledi\u011finiz zaman ayarlar\u0131n\u0131z\u0131 de\u011fi\u015ftirebilir ve foto\u011fraflar\u0131n\u0131z\u0131 yeniden herkese a\u00e7\u0131k hale getirebilirsiniz. Foto\u011fraf\u0131n\u0131z\u0131 gizlemek istedi\u011finizde bunu komple profiliniz i\u00e7in yapars\u0131n\u0131z. Yani tek tek foto\u011fraflar\u0131n\u0131z\u0131 gizlemekle u\u011fra\u015fman\u0131za gerek yok. B\u00fct\u00fcn bir profiliniz kapal\u0131 hale gelecek. Bunu yapmak i\u00e7in a\u015fa\u011f\u0131daki ad\u0131mlar\u0131 takip edebilirsiniz:<\/p>\n\n\n\n<ul class=\"wp-block-list\"><li>Profilinizin \u00fczerine gelin.<\/li><li>Ayarlar k\u0131sm\u0131na t\u0131klay\u0131n.<\/li><li>Gizlilik k\u0131sm\u0131na gelin.<\/li><li>Gizlili\u011fi a\u00e7\u0131k hale getirin.<\/li><li>Bu sayede art\u0131k profilinize birisinin girmesi i\u00e7in size mutlaka takip adresi g\u00f6ndermesi gerekecek.<\/li><\/ul>\n\n\n\n<p><strong>Instagram<\/strong> gizlilik ayarlar\u0131 sayesinde art\u0131k sizin takip istedi\u011fini kabul etmedi\u011finiz ki\u015filer profilinize ula\u015famam\u0131\u015f olacak. Yabanc\u0131lar\u0131n profilinize ak\u0131n etmesi konusunda endi\u015fe etmenize gerek yok.<\/p>\n\n\n\n<h2 class=\"wp-block-heading\"><strong>Instagram Profil Foto\u011fraf\u0131n\u0131 Gizleyebilir miyim?<\/strong><\/h2>\n\n\n\n<p><strong>Instagram profil foto\u011fraf\u0131n\u0131 gizleme <\/strong>diye bir \u00f6zellik yoktur. Yani mutlaka profilinizde foto\u011fraf\u0131n\u0131z\u0131n olmas\u0131 gerekir. Dilerseniz profilinizi kapal\u0131 ayarlayabilir ve profil foto\u011fraf\u0131n\u0131z\u0131n g\u00f6r\u00fclmesini istedi\u011finiz kadar\u0131n\u0131 ayarlayabilirsiniz. <strong>Instagram<\/strong> gizlilik ayarlar\u0131 sayesinde ne kadar g\u00f6stermek istedi\u011finize siz kendiniz karar verirsiniz. Profil foto\u011fraf\u0131n\u0131z\u0131 dilerseniz bo\u015f b\u0131rakabilirsiniz ancak bu durum di\u011fer insanlar\u0131n sizi tan\u0131mas\u0131n\u0131 zorla\u015ft\u0131rabilir. Yine de se\u00e7im size aittir. Nas\u0131l isterseniz ona g\u00f6re ayarlama yapabilirsiniz.<\/p>\n","protected":false},"excerpt":{"rendered":"<p>Instagram foto\u011fraf gizlilik ayarlar\u0131 kullan\u0131c\u0131lar\u0131n gizlili\u011fini korumay\u0131 ama\u00e7lamaktad\u0131r. Bu uygulama tamamen ki\u015filerin foto\u011fraflar\u0131n\u0131 payla\u015fmas\u0131na y\u00f6nelik oldu\u011fundan, site insanlara kimin foto\u011fraflar\u0131 g\u00f6r\u00fcp g\u00f6remeyece\u011fi ba\u015fta olmak \u00fczere \u00e7e\u015fitli \u00f6zelle\u015ftirmeler sunmaktad\u0131r. Instagram \u00f6zellikleri&#46;&#46;&#46;<\/p>\n","protected":false},"author":4,"featured_media":2779,"comment_status":"open","ping_status":"open","sticky":false,"template":"","format":"standard","meta":{"footnotes":""},"categories":[1],"tags":[],"class_list":["post-2777","post","type-post","status-publish","format-standard","has-post-thumbnail","hentry","category-genel"],"_links":{"self":[{"href":"https:\/\/trmedya.co\/blog\/wp-json\/wp\/v2\/posts\/2777","targetHints":{"allow":["GET"]}}],"collection":[{"href":"https:\/\/trmedya.co\/blog\/wp-json\/wp\/v2\/posts"}],"about":[{"href":"https:\/\/trmedya.co\/blog\/wp-json\/wp\/v2\/types\/post"}],"author":[{"embeddable":true,"href":"https:\/\/trmedya.co\/blog\/wp-json\/wp\/v2\/users\/4"}],"replies":[{"embeddable":true,"href":"https:\/\/trmedya.co\/blog\/wp-json\/wp\/v2\/comments?post=2777"}],"version-history":[{"count":0,"href":"https:\/\/trmedya.co\/blog\/wp-json\/wp\/v2\/posts\/2777\/revisions"}],"wp:featuredmedia":[{"embeddable":true,"href":"https:\/\/trmedya.co\/blog\/wp-json\/wp\/v2\/media\/2779"}],"wp:attachment":[{"href":"https:\/\/trmedya.co\/blog\/wp-json\/wp\/v2\/media?parent=2777"}],"wp:term":[{"taxonomy":"category","embeddable":true,"href":"https:\/\/trmedya.co\/blog\/wp-json\/wp\/v2\/categories?post=2777"},{"taxonomy":"post_tag","embeddable":true,"href":"https:\/\/trmedya.co\/blog\/wp-json\/wp\/v2\/tags?post=2777"}],"curies":[{"name":"wp","href":"https:\/\/api.w.org\/{rel}","templated":true}]}}