{"id":2907,"date":"2021-10-27T23:39:34","date_gmt":"2021-10-27T20:39:34","guid":{"rendered":"https:\/\/trmedya.co\/blog\/?p=2907"},"modified":"2023-01-16T09:05:05","modified_gmt":"2023-01-16T06:05:05","slug":"twitter-ne-zaman-kuruldu","status":"publish","type":"post","link":"https:\/\/trmedya.co\/blog\/twitter-ne-zaman-kuruldu\/","title":{"rendered":"Twitter Ne Zaman Kuruldu?"},"content":{"rendered":"\r\n<p>Sosyal medya hesaplar\u0131 aras\u0131nda olduk\u00e7a s\u0131k bir \u015fekilde kullan\u0131lan Twitter 2006 y\u0131l\u0131nda kuruldu. Kuruldu\u011fu y\u0131ldan itibaren aktif bir \u015fekilde kullan\u0131lan <strong>Twitter<\/strong> t\u00fcm kullan\u0131c\u0131lar\u0131n hem haber hem de e\u011flence amac\u0131 ile takip etti\u011fi sosyal medya platformudur.<\/p>\r\n\r\n\r\n\r\n<h2><strong>Twitter Ne Zaman Kuruldu?<\/strong><\/h2>\r\n\r\n\r\n\r\n<p><strong>Sosyal medya ara\u00e7lar\u0131ndan bir tanesi olan Twitter<\/strong> 2006 y\u0131l\u0131nda kuruldu. Sitenin kurucusu Jack Dosey\u2019dir. Site farkl\u0131 ama\u00e7lara hizmet eder. Bir\u00e7ok kullan\u0131c\u0131n\u0131n haber kayna\u011f\u0131 olarak da kulland\u0131\u011f\u0131 Twitter 14 ki\u015fi taraf\u0131ndan \u00e7al\u0131\u015fmalar sonucunda daha geli\u015fmi\u015f hale geldi. Her\u00a0 ge\u00e7en y\u0131l g\u00fcncellemeler gelmekte ve sitenin kullan\u0131c\u0131lara daha iyi hizmet verebilmesi i\u00e7in \u00e7e\u015fitli \u00e7al\u0131\u015fmalar yap\u0131lmaya da devam edilmektedir. D\u00fcnyan\u0131n her yerinde kullan\u0131lan sosyal medya hesab\u0131na eri\u015fim sa\u011flamak isteyenler kaydolmal\u0131, \u00a0\u015fifre ve kullan\u0131c\u0131 ad\u0131 ile giri\u015f yapmal\u0131d\u0131r. \u0130nternet a\u011f\u0131 ile \u00e7al\u0131\u015fan Twitter\u2019da g\u00f6nderi payla\u015fmak da m\u00fcmk\u00fcnd\u00fcr.<\/p>\r\n\r\n\r\n\r\n<h2><strong>Twitter Nas\u0131l Kuruldu?<\/strong><\/h2>\r\n<p><img loading=\"lazy\" decoding=\"async\" class=\" wp-image-2909\" src=\"https:\/\/trmedya.co\/blog\/wp-content\/uploads\/2021\/10\/twitter-ne-zaman-kuruldu-300x174.jpg\" alt=\"\" width=\"367\" height=\"213\" title=\"\"><\/p>\r\n\r\n\r\n\r\n<p>Twitter\u2019 in sosyal medya ara\u00e7lar\u0131n\u0131n\u00a0 i\u00e7inde yer almas\u0131ndan dolay\u0131 platformunun amac\u0131na destek olur. Kullan\u0131m amac\u0131 ileti\u015fim kurmak ve sosyal medya \u00fczerinden t\u00fcm d\u00fcnyaya ula\u015fmakt\u0131r. Sitede yer alan \u00fcnl\u00fcler ve fenomenler ile her kitleye ula\u015fmak m\u00fcmk\u00fcnd\u00fcr. \u00d6zelikle tan\u0131nm\u0131\u015f ki\u015filerin hayranlar\u0131na ula\u015fabilmesi \u00e7ok kolayd\u0131r. Her sene Twitter yenilikler ve g\u00fcncellemeler ile daha etkili hale getirilir. Kuruldu\u011fu y\u0131ldan itibaren her y\u0131l \u00f6zellikleri katlanarak artar.<\/p>\r\n<p>Ayr\u0131ca <a class=\"row-title\" href=\"https:\/\/trmedya.co\/blog\/youtube-kanali-nasil-buyutulur\/\" aria-label=\"\u201cYoutube Kanal\u0131 Nas\u0131l B\u00fcy\u00fct\u00fcl\u00fcr?\u201d (D\u00fczenle)\">Youtube Kanal\u0131 Nas\u0131l B\u00fcy\u00fct\u00fcl\u00fcr?<\/a> adl\u0131 yaz\u0131m\u0131za g\u00f6z at\u0131n!<\/p>\r\n\r\n\r\n\r\n<h2><strong>Twitter Neden Kuruldu?<\/strong><\/h2>\r\n\r\n\r\n\r\n<p><strong>Twitter sosyal ileti\u015fimin kurulmas\u0131 amac\u0131<\/strong> ile kurulmu\u015ftur. Sosyal medya insanlar aras\u0131nda olan ileti\u015fimin daha kaliteli olmas\u0131na ve d\u00fcnyadaki geli\u015fmelerin daha yak\u0131ndan takip edilmesi amac\u0131 ile kurulmu\u015ftur. \u00dclke i\u00e7inde ya da \u00fclke d\u0131\u015f\u0131nda yer alan t\u00fcm haberler Twitter \u00fczerinden kolay bir \u015fekilde takip edilebilir.<\/p>\r\n\r\n\r\n\r\n<p>Geli\u015fmelerden haber olundu\u011fu gibi \u00e7e\u015fitli e\u011flenceli aktiviteler de yap\u0131labilir. Bir\u00e7ok m\u00fczik grubuna ula\u015fmak ya da\u00a0 d\u00fcnyadaki \u015fark\u0131c\u0131lar ile tan\u0131\u015fmak da m\u00fcmk\u00fcn. Twitter \u00fczerinden ba\u015fka insanlar ile ileti\u015fim kurulup sosyal \u00e7evre de geli\u015ftirilebilir.<\/p>\r\n\r\n\r\n\r\n<p>Sosyal medya \u00fczerinden g\u00fcvenilir \u015fekilde ileti\u015fim sa\u011flanmas\u0131 i\u00e7in \u00e7e\u015fitli gizlilik ayarlar\u0131 da yer al\u0131r. Bu gizlilik ayarlar\u0131 kullan\u0131c\u0131lar taraf\u0131ndan d\u00fczenlenerek kendi tercihlerine g\u00f6re ayarlanabilir. Twitter spor ve sanat gibi \u00e7e\u015fitli alanlarda da kolayca bilgi sahibi olunmas\u0131 konusunda sizleri destekler. Hem bilgi aktar\u0131m\u0131 hem de yarat\u0131c\u0131 fikirler veren yap\u0131s\u0131 ile herkese kaynak olur.<\/p>\r\n\r\n\r\n\r\n<h2><strong>Twitter Nas\u0131l Kullan\u0131l\u0131r?<\/strong><\/h2>\r\n\r\n\r\n\r\n<p>Twitter kullan\u0131m\u0131 ile ilgili bilgiler Twitter\u2019a kay\u0131t olunduktan sonra ana sayfada yer al\u0131r. Hem g\u00f6nderi yollayabilir hem de direkt olarak mesajla\u015fma \u00f6zelli\u011fi kullan\u0131labilir. Uygulamas\u0131n\u0131 indirmek isteyenlerin izlemesi gereken ad\u0131mlar \u015f\u00f6yledir:<\/p>\r\n\r\n\r\n\r\n<ul class=\"wp-block-list\">\r\n<li>\u00d6ncelikle telefonlara twitter uygulamas\u0131 indirilmelidir.<\/li>\r\n<li>Sisteme kullan\u0131c\u0131 ad\u0131 ve \u015fifresi ile giri\u015f yap\u0131lmal\u0131d\u0131r.<\/li>\r\n<li>Giri\u015f yap\u0131ld\u0131ktan sonra ana sayfa ekran\u0131nda yer alan \u201c+\u201d k\u0131sm\u0131ndan yeni g\u00f6nderi yay\u0131mlanabilir.<\/li>\r\n<li>G\u00f6nderileri be\u011fenmek isteyenler kalp sembol\u00fcme t\u0131klad\u0131klar\u0131 zaman be\u011fenebilir ya da geri yorum atabilir. Bildirimler ile ilgili ayarlamalar da \u201cbildirim sekmesi\u201d \u00fczerinden yap\u0131l\u0131r. Twitter \u00fczerinden mesajla\u015fmak isteyenler \u00a0bu \u00f6zelli\u011fi ile kolayca yapabilir. Gelen ve giden mesajlar liste halinde g\u00f6r\u00fcl\u00fcr. Hem h\u0131zl\u0131 mesajla\u015fma \u00f6zelli\u011fi ile h\u0131zl\u0131 ileti\u015fim sa\u011flan\u0131r hem de bir\u00e7ok \u00fcnl\u00fc ile mesajla\u015fma imkan\u0131 elde edilir.<\/li>\r\n<li>Twitter \u00fczerinden mesajla\u015fmalar istenildi\u011fi zaman silinebilir. Mesajla\u015fma \u00f6zelli\u011fi uygulamada da \u00e7al\u0131\u015f\u0131r. Uygulamada mesaj kutusundan faydalan\u0131l\u0131r. Kullan\u0131c\u0131lar be\u011fendikleri sayfalar\u0131 ya da twitleri mesaj ile de h\u0131zl\u0131 \u015fekilde ba\u015fkas\u0131na g\u00f6nderebilir. Bu \u00f6zelli\u011fi ile herkes birbirine haber de g\u00f6ndermektedir. K\u0131sa s\u00fcrede ileti\u015fimi kolayla\u015ft\u0131ran twitter dil tercihi konusunda da ayarlamalar ile istenilen dile d\u00f6n\u00fc\u015febilir. Hangi dilde kullan\u0131lmak istenilirse \u201cayarlar\u201d sekmesinden dil tercihi de yap\u0131labilir.\u00a0 Herkesin kolayca anlayabilece\u011fi bir ara y\u00fcze sahiptir.<\/li>\r\n<\/ul>\r\n<\/p>","protected":false},"excerpt":{"rendered":"<p>Sosyal medya hesaplar\u0131 aras\u0131nda olduk\u00e7a s\u0131k bir \u015fekilde kullan\u0131lan Twitter 2006 y\u0131l\u0131nda kuruldu. Kuruldu\u011fu y\u0131ldan itibaren aktif bir \u015fekilde kullan\u0131lan Twitter t\u00fcm kullan\u0131c\u0131lar\u0131n hem haber hem de e\u011flence amac\u0131 ile&#46;&#46;&#46;<\/p>\n","protected":false},"author":4,"featured_media":2910,"comment_status":"open","ping_status":"open","sticky":false,"template":"","format":"standard","meta":{"footnotes":""},"categories":[1],"tags":[],"class_list":["post-2907","post","type-post","status-publish","format-standard","has-post-thumbnail","hentry","category-genel"],"_links":{"self":[{"href":"https:\/\/trmedya.co\/blog\/wp-json\/wp\/v2\/posts\/2907","targetHints":{"allow":["GET"]}}],"collection":[{"href":"https:\/\/trmedya.co\/blog\/wp-json\/wp\/v2\/posts"}],"about":[{"href":"https:\/\/trmedya.co\/blog\/wp-json\/wp\/v2\/types\/post"}],"author":[{"embeddable":true,"href":"https:\/\/trmedya.co\/blog\/wp-json\/wp\/v2\/users\/4"}],"replies":[{"embeddable":true,"href":"https:\/\/trmedya.co\/blog\/wp-json\/wp\/v2\/comments?post=2907"}],"version-history":[{"count":0,"href":"https:\/\/trmedya.co\/blog\/wp-json\/wp\/v2\/posts\/2907\/revisions"}],"wp:featuredmedia":[{"embeddable":true,"href":"https:\/\/trmedya.co\/blog\/wp-json\/wp\/v2\/media\/2910"}],"wp:attachment":[{"href":"https:\/\/trmedya.co\/blog\/wp-json\/wp\/v2\/media?parent=2907"}],"wp:term":[{"taxonomy":"category","embeddable":true,"href":"https:\/\/trmedya.co\/blog\/wp-json\/wp\/v2\/categories?post=2907"},{"taxonomy":"post_tag","embeddable":true,"href":"https:\/\/trmedya.co\/blog\/wp-json\/wp\/v2\/tags?post=2907"}],"curies":[{"name":"wp","href":"https:\/\/api.w.org\/{rel}","templated":true}]}}