{"id":3181,"date":"2023-01-11T21:53:26","date_gmt":"2023-01-11T18:53:26","guid":{"rendered":"https:\/\/trmedya.co\/blog\/?p=3181"},"modified":"2023-01-12T01:47:56","modified_gmt":"2023-01-11T22:47:56","slug":"instagrami-masaustu-cihazlarinizda-nasil-kullanabilirsiniz","status":"publish","type":"post","link":"https:\/\/trmedya.co\/blog\/instagrami-masaustu-cihazlarinizda-nasil-kullanabilirsiniz\/","title":{"rendered":"Instagram&#8217;\u0131 Masa\u00fcst\u00fc Cihazlar\u0131n\u0131zda Nas\u0131l Kullanabilirsiniz?"},"content":{"rendered":"<h2>Instagram&#8217;\u0131 Masa\u00fcst\u00fc Cihazlar\u0131n\u0131zda Nas\u0131l Kullanabilirsiniz?<\/h2>\n<p>Bu i\u00e7eri\u011fimizde, Instagram&#8217;\u0131 masa\u00fcst\u00fc cihazlar\u0131n\u0131zda nas\u0131l kullanabilece\u011finizi ve bu kullan\u0131m\u0131n nas\u0131l ger\u00e7ekle\u015febilece\u011fini anlatmaktad\u0131r. \u0130\u00e7erikte, Instagram&#8217;\u0131 web taray\u0131c\u0131s\u0131 \u00fczerinden nas\u0131l eri\u015febilece\u011finiz, hesab\u0131n\u0131za nas\u0131l girebilece\u011finiz, profil d\u00fczenlemeleri yapabilece\u011finiz, arama yapma ve i\u00e7erik g\u00f6r\u00fcnt\u00fcleme, foto\u011fraf ve video payla\u015fma gibi konular ele al\u0131nm\u0131\u015ft\u0131r.<\/p>\n<p><strong>Instagram<\/strong>, sosyal medya platformlar\u0131 aras\u0131nda en pop\u00fcler olanlar\u0131ndan biridir ve genellikle mobil cihazlar \u00fczerinden kullan\u0131l\u0131r. Ancak, masa\u00fcst\u00fc cihazlar\u0131n\u0131zda da <strong>Instagram&#8217;\u0131<\/strong> kullanabilece\u011finizi biliyor muydunuz? A\u015fa\u011f\u0131da, Instagram&#8217;\u0131 masa\u00fcst\u00fc cihazlar\u0131n\u0131zda nas\u0131l kullanabilece\u011finizi a\u00e7\u0131klamaktad\u0131r.<\/p>\n<ol>\n<li>\u0130lk olarak, masa\u00fcst\u00fc cihazlar\u0131n\u0131zda bir <strong>web taray\u0131c\u0131s\u0131<\/strong> a\u00e7\u0131n ve <a href=\"https:\/\/instagram.com\/\" target=\"_blank\" rel=\"noopener\"><strong>instagram.com<\/strong><\/a> adresine gidin.<\/li>\n<li>Giri\u015f yapmak i\u00e7in<strong> e-posta<\/strong> adresinizi ve <strong>\u015fifrenizi<\/strong> kullan\u0131n.<\/li>\n<li>Daha sonra, profilinizi d\u00fczenlemek i\u00e7in &#8216;<strong>Profil<\/strong>&#8216; d\u00fc\u011fmesine t\u0131klay\u0131n ve foto\u011fraflar\u0131n\u0131z\u0131 y\u00fckleyebilir, yaz\u0131lar\u0131n\u0131z\u0131 d\u00fczenleyebilir veya takip\u00e7ilerinizle ileti\u015fim kurabilirsiniz.<\/li>\n<li>Arama yapmak i\u00e7in <strong>arama \u00e7ubu\u011funa<\/strong> anahtar kelimeler yazabilir veya takip etti\u011finiz kullan\u0131c\u0131lar\u0131n i\u00e7eriklerini g\u00f6r\u00fcnt\u00fcleyebilirsiniz.<\/li>\n<li>payla\u015fmak i\u00e7in &#8216;<strong>Kamera<\/strong>&#8216; simgesine t\u0131klay\u0131n ve masa\u00fcst\u00fcn\u00fczden foto\u011fraf veya video y\u00fckleyin. Eklemek istedi\u011finiz metin veya etiketlerle birlikte payla\u015fabilirsiniz.<\/li>\n<\/ol>\n<p><strong>\u0130nstagram<\/strong> masa\u00fcst\u00fcn\u00fczde kullanmak istedi\u011finizde, ayn\u0131 \u015fekilde mobil uygulama gibi kullanabilirsiniz. Ancak, dikkat edilmesi gereken baz\u0131 noktalar var. \u00d6rne\u011fin, videolar\u0131n\u0131z\u0131 veya foto\u011fraflar\u0131n\u0131z\u0131 y\u00fcklerken sadece yatay olarak y\u00fckleyebilirsiniz, dikey olarak y\u00fckleyemezsiniz.<\/p>\n<style>#sp-ea-3207 .spcollapsing { height: 0; overflow: hidden; transition-property: height;transition-duration: 300ms;}#sp-ea-3207.sp-easy-accordion>.sp-ea-single {margin-bottom: 10px; border: 1px solid #e2e2e2; }#sp-ea-3207.sp-easy-accordion>.sp-ea-single>.ea-header a {color: #444;}#sp-ea-3207.sp-easy-accordion>.sp-ea-single>.sp-collapse>.ea-body {background: #fff; color: #444;}#sp-ea-3207.sp-easy-accordion>.sp-ea-single {background: #eee;}#sp-ea-3207.sp-easy-accordion>.sp-ea-single>.ea-header a .ea-expand-icon { float: left; color: #444;font-size: 16px;}<\/style><div id=\"sp_easy_accordion-1777415079\">\n<div id=\"sp-ea-3207\" class=\"sp-ea-one sp-easy-accordion\" data-ea-active=\"ea-click\" data-ea-mode=\"vertical\" data-preloader=\"\" data-scroll-active-item=\"\" data-offset-to-scroll=\"0\">\n\n<!-- Start accordion card div. -->\n<div class=\"ea-card ea-expand sp-ea-single\">\n\t<!-- Start accordion header. -->\n\t<h3 class=\"ea-header\">\n\t\t<!-- Add anchor tag for header. -->\n\t\t<a class=\"collapsed\" id=\"ea-header-32070\" role=\"button\" data-sptoggle=\"spcollapse\" data-sptarget=\"#collapse32070\" aria-controls=\"collapse32070\" href=\"#\"  aria-expanded=\"true\" tabindex=\"0\">\n\t\t<i aria-hidden=\"true\" role=\"presentation\" class=\"ea-expand-icon eap-icon-ea-expand-minus\"><\/i> Instagram masa\u00fcst\u00fc bilgisayarda kullan\u0131l\u0131r m\u0131?\t\t<\/a> <!-- Close anchor tag for header. -->\n\t<\/h3>\t<!-- Close header tag. -->\n\t<!-- Start collapsible content div. -->\n\t<div class=\"sp-collapse spcollapse collapsed show\" id=\"collapse32070\" data-parent=\"#sp-ea-3207\" role=\"region\" aria-labelledby=\"ea-header-32070\">  <!-- Content div. -->\n\t\t<div class=\"ea-body\">\n\t\t<p>Instagram, masa\u00fcst\u00fc bilgisayarda kullan\u0131labilir. Instagram web sitesi \u00fczerinden masa\u00fcst\u00fc bilgisayar\u0131n\u0131zda profilinizi ziyaret edebilir, g\u00f6nderilerinizi g\u00f6r\u00fcnt\u00fcleyebilir, yorumlar\u0131 okuyabilir ve yapabilirsiniz. Ancak, masa\u00fcst\u00fc bilgisayar\u0131n\u0131zda foto\u011fraf veya video payla\u015famazs\u0131n\u0131z. Bu i\u015flem sadece mobil uygulama veya mobil cihazlar \u00fczerinden yap\u0131labilir.<\/p>\n\t\t<\/div> <!-- Close content div. -->\n\t<\/div> <!-- Close collapse div. -->\n<\/div> <!-- Close card div. -->\n<!-- Start accordion card div. -->\n<div class=\"ea-card  sp-ea-single\">\n\t<!-- Start accordion header. -->\n\t<h3 class=\"ea-header\">\n\t\t<!-- Add anchor tag for header. -->\n\t\t<a class=\"collapsed\" id=\"ea-header-32071\" role=\"button\" data-sptoggle=\"spcollapse\" data-sptarget=\"#collapse32071\" aria-controls=\"collapse32071\" href=\"#\"  aria-expanded=\"false\" tabindex=\"0\">\n\t\t<i aria-hidden=\"true\" role=\"presentation\" class=\"ea-expand-icon eap-icon-ea-expand-plus\"><\/i> Instagrama pc'den giriliyor mu?\t\t<\/a> <!-- Close anchor tag for header. -->\n\t<\/h3>\t<!-- Close header tag. -->\n\t<!-- Start collapsible content div. -->\n\t<div class=\"sp-collapse spcollapse \" id=\"collapse32071\" data-parent=\"#sp-ea-3207\" role=\"region\" aria-labelledby=\"ea-header-32071\">  <!-- Content div. -->\n\t\t<div class=\"ea-body\">\n\t\t<div class=\"w-full border-b border-black\/10 dark:border-gray-900\/50 text-gray-800 dark:text-gray-100 group bg-gray-50 dark:bg-[#444654]\">\n<div class=\"text-base gap-4 md:gap-6 m-auto md:max-w-2xl lg:max-w-2xl xl:max-w-3xl p-4 md:py-6 flex lg:px-0\">\n<div class=\"relative flex w-[calc(100%-50px)] md:flex-col lg:w-[calc(100%-115px)]\">\n<div class=\"flex flex-grow flex-col gap-3\">\n<div class=\"min-h-[20px] flex flex-col items-start gap-4 whitespace-pre-wrap\">\n<div class=\"markdown prose w-full break-words dark:prose-invert dark\">\n<p>Evet, Instagram'a PC'den giri\u015f yapabilirsiniz. Instagram web sitesi \u00fczerinden masa\u00fcst\u00fc bilgisayar\u0131n\u0131zda profilinizi ziyaret edebilir, g\u00f6nderilerinizi g\u00f6r\u00fcnt\u00fcleyebilir, yorumlar\u0131 okuyabilir ve yapabilirsiniz. Bu i\u015flemleri yaparken ancak payla\u015f\u0131m yapamayacaks\u0131n\u0131z. Yeni g\u00f6nderiler, foto\u011fraf ve video payla\u015fmak sadece mobil uygulama veya mobil cihazlar \u00fczerinden yap\u0131labilir.<\/p>\n<\/div>\n<\/div>\n<\/div>\n<div class=\"text-gray-400 flex self-end lg:self-center justify-center mt-2 gap-4 lg:gap-1 lg:absolute lg:top-0 lg:translate-x-full lg:right-0 lg:mt-0 lg:pl-2 visible\"><\/div>\n<\/div>\n<\/div>\n<\/div>\n\t\t<\/div> <!-- Close content div. -->\n\t<\/div> <!-- Close collapse div. -->\n<\/div> <!-- Close card div. -->\n<\/div>\n<\/div>\n\n<\/p>","protected":false},"excerpt":{"rendered":"<p>Instagram&#8217;\u0131 Masa\u00fcst\u00fc Cihazlar\u0131n\u0131zda Nas\u0131l Kullanabilirsiniz? Bu i\u00e7eri\u011fimizde, Instagram&#8217;\u0131 masa\u00fcst\u00fc cihazlar\u0131n\u0131zda nas\u0131l kullanabilece\u011finizi ve bu kullan\u0131m\u0131n nas\u0131l ger\u00e7ekle\u015febilece\u011fini anlatmaktad\u0131r. \u0130\u00e7erikte, Instagram&#8217;\u0131 web taray\u0131c\u0131s\u0131 \u00fczerinden nas\u0131l eri\u015febilece\u011finiz, hesab\u0131n\u0131za nas\u0131l girebilece\u011finiz, profil d\u00fczenlemeleri&#46;&#46;&#46;<\/p>\n","protected":false},"author":1,"featured_media":3182,"comment_status":"open","ping_status":"open","sticky":false,"template":"","format":"standard","meta":{"footnotes":""},"categories":[460],"tags":[543,542],"class_list":["post-3181","post","type-post","status-publish","format-standard","has-post-thumbnail","hentry","category-instagram","tag-instagram-bilgisayarda-kullanma","tag-instagram-masaustu-uygulamasi"],"_links":{"self":[{"href":"https:\/\/trmedya.co\/blog\/wp-json\/wp\/v2\/posts\/3181","targetHints":{"allow":["GET"]}}],"collection":[{"href":"https:\/\/trmedya.co\/blog\/wp-json\/wp\/v2\/posts"}],"about":[{"href":"https:\/\/trmedya.co\/blog\/wp-json\/wp\/v2\/types\/post"}],"author":[{"embeddable":true,"href":"https:\/\/trmedya.co\/blog\/wp-json\/wp\/v2\/users\/1"}],"replies":[{"embeddable":true,"href":"https:\/\/trmedya.co\/blog\/wp-json\/wp\/v2\/comments?post=3181"}],"version-history":[{"count":0,"href":"https:\/\/trmedya.co\/blog\/wp-json\/wp\/v2\/posts\/3181\/revisions"}],"wp:featuredmedia":[{"embeddable":true,"href":"https:\/\/trmedya.co\/blog\/wp-json\/wp\/v2\/media\/3182"}],"wp:attachment":[{"href":"https:\/\/trmedya.co\/blog\/wp-json\/wp\/v2\/media?parent=3181"}],"wp:term":[{"taxonomy":"category","embeddable":true,"href":"https:\/\/trmedya.co\/blog\/wp-json\/wp\/v2\/categories?post=3181"},{"taxonomy":"post_tag","embeddable":true,"href":"https:\/\/trmedya.co\/blog\/wp-json\/wp\/v2\/tags?post=3181"}],"curies":[{"name":"wp","href":"https:\/\/api.w.org\/{rel}","templated":true}]}}