{"id":3215,"date":"2023-01-12T03:36:11","date_gmt":"2023-01-12T00:36:11","guid":{"rendered":"https:\/\/trmedya.co\/blog\/?p=3215"},"modified":"2023-01-12T09:34:36","modified_gmt":"2023-01-12T06:34:36","slug":"instagram-hikayelerine-eski-fotograf-ve-videolar-nasil-eklenir","status":"publish","type":"post","link":"https:\/\/trmedya.co\/blog\/instagram-hikayelerine-eski-fotograf-ve-videolar-nasil-eklenir\/","title":{"rendered":"Instagram Hikayelerine Eski Foto\u011fraf ve Videolar Nas\u0131l eklenir?"},"content":{"rendered":"<div class=\"w-full border-b border-black\/10 dark:border-gray-900\/50 text-gray-800 dark:text-gray-100 group bg-gray-50 dark:bg-[#444654]\">\n<div class=\"text-base gap-4 md:gap-6 m-auto md:max-w-2xl lg:max-w-2xl xl:max-w-3xl p-4 md:py-6 flex lg:px-0\">\n<div class=\"relative flex w-[calc(100%-50px)] md:flex-col lg:w-[calc(100%-115px)]\">\n<div class=\"flex flex-grow flex-col gap-3\">\n<div class=\"min-h-[20px] flex flex-col items-start gap-4 whitespace-pre-wrap\">\n<div class=\"markdown prose w-full break-words dark:prose-invert dark\">\n<h2>Instagram Hikayelerine Eski Foto\u011fraf ve Videolar Nas\u0131l eklenir?<\/h2>\n<p>Eski foto\u011fraf ve videolar\u0131 <strong>Instagram<\/strong> Hikayelerine eklemek i\u00e7in, <strong>Instagram<\/strong> uygulamas\u0131n\u0131 a\u00e7\u0131n ve &#8220;<strong>Kamera<\/strong>&#8221; simgesine dokunun.<\/p>\n<p>Daha sonra, <strong>foto\u011fraf<\/strong> veya <strong>video<\/strong> eklemek istedi\u011finizde ekran\u0131 yava\u015f\u00e7a a\u015fa\u011f\u0131 do\u011fru \u00e7ekin.<\/p>\n<p>Bu i\u015flemde, eklemek istedi\u011finiz eski foto\u011fraf veya videolar\u0131n\u0131z\u0131n listelendi\u011fi bir b\u00f6l\u00fcm g\u00f6receksiniz.<\/p>\n<p>Bu b\u00f6l\u00fcmde, istedi\u011finiz eski foto\u011fraf veya videoyu se\u00e7in ve ekleme i\u015flemini ger\u00e7ekle\u015ftirin. Eklemi\u015f oldu\u011funuz foto\u011fraf ve videolara yaz\u0131 ve \u015fekil ekleyebilirsiniz.<\/p>\n<p>&nbsp;<\/p>\n<\/div>\n<h2>Instagram Hik\u00e2yeye Galeriden Foto\u011fraf ekleme nas\u0131l yap\u0131l\u0131r?<\/h2>\n<div class=\"markdown prose w-full break-words dark:prose-invert dark\">\n<p><strong>Instagram<\/strong> hikayesine galeriden foto\u011fraf eklemek olduk\u00e7a kolayd\u0131r. A\u015fa\u011f\u0131daki ad\u0131mlar\u0131 takip ederek hikayenize galeriden foto\u011fraf ekleyebilirsiniz:<\/p>\n<ol>\n<li>Instagram uygulamas\u0131n\u0131 a\u00e7\u0131n ve hikaye eklemek istedi\u011finiz hesab\u0131n profiline gitin.<\/li>\n<li>Sol \u00fcst k\u00f6\u015fede &#8220;<strong>Hikaye Ekle<\/strong>&#8221; d\u00fc\u011fmesine dokunun.<\/li>\n<li>Hikaye kameras\u0131 ekran\u0131 a\u00e7\u0131ld\u0131ktan sonra, sa\u011f alt k\u00f6\u015fede &#8220;<strong>Galeri<\/strong>&#8221; simgesine dokunun.<\/li>\n<li>Galerinizden hikayenize eklemek istedi\u011finiz <strong>foto\u011fraf\u0131<\/strong> se\u00e7in.<\/li>\n<li>Foto\u011fraf\u0131 eklemek istedi\u011finiz pozisyona s\u00fcr\u00fckleyin veya boyutland\u0131r\u0131n.<\/li>\n<li>Foto\u011fraf\u0131 eklemek istedi\u011finiz konuma getirip &#8220;<strong>Payla\u015f<\/strong>&#8221; butonuna bas\u0131n.<\/li>\n<li>Hikayeniz art\u0131k payla\u015f\u0131lm\u0131\u015f olacakt\u0131r.<\/li>\n<\/ol>\n<p>Not: Instagram hikayesine ekleyebilece\u011finiz <strong>foto\u011fraf boyutlar\u0131<\/strong> 1080&#215;1920 (9:16) px olmal\u0131d\u0131r. Ayr\u0131ca, Instagram hikayesine ekleyebilece\u011finiz foto\u011fraf maksimum 15 saniye boyunca oynat\u0131labilir.<\/p>\n<p>&nbsp;<\/p>\n<\/div>\n<div class=\"w-full border-b border-black\/10 dark:border-gray-900\/50 text-gray-800 dark:text-gray-100 group dark:bg-gray-800\">\n<div class=\"text-base gap-4 md:gap-6 m-auto md:max-w-2xl lg:max-w-2xl xl:max-w-3xl p-4 md:py-6 flex lg:px-0\">\n<div class=\"relative flex w-[calc(100%-50px)] md:flex-col lg:w-[calc(100%-115px)]\">\n<div class=\"flex flex-grow flex-col gap-3\">\n<h2 class=\"min-h-[20px] flex flex-col items-start gap-4 whitespace-pre-wrap\">Instagram Hikayeye Efekt Ekleme<\/h2>\n<p>Instagram hikayelerine efekt eklemek i\u00e7in a\u015fa\u011f\u0131daki ad\u0131mlar\u0131 izleyebilirsiniz:<\/p>\n<ol>\n<li>Instagram uygulamas\u0131n\u0131 a\u00e7\u0131n ve hikaye payla\u015fmak istedi\u011finiz foto\u011fraf veya videoyu se\u00e7in.<\/li>\n<li>Foto\u011fraf veya video \u00fczerine dokunun ve eklemek istedi\u011finiz efektleri g\u00f6r\u00fcnt\u00fcleyebilece\u011finiz efektler sekmesine ge\u00e7in.<\/li>\n<li>Efektler aras\u0131nda dola\u015f\u0131n ve istedi\u011finiz efekti se\u00e7in. Efektler aras\u0131nda ge\u00e7i\u015f yapmak i\u00e7in sola veya sa\u011fa do\u011fru kayd\u0131rabilirsiniz.<\/li>\n<li>Efekt eklemek istedi\u011finiz par\u00e7aya dokunun ve efektin boyutunu ve konumunu de\u011fi\u015ftirebilirsiniz.<\/li>\n<li>Efekti ekledi\u011finiz par\u00e7a \u00fczerinde \u00e7e\u015fitli se\u00e7enekleri kullanarak efekti daha da ki\u015fiselle\u015ftirebilirsiniz.<\/li>\n<li>Efekti eklemek istedi\u011finiz t\u00fcm par\u00e7alara efekt ekleyebilirsiniz.<\/li>\n<li>Efektleri ekledikten sonra hikayenizi payla\u015fabilirsiniz.<\/li>\n<\/ol>\n<p>&nbsp;<\/p>\n<div class=\"w-full border-b border-black\/10 dark:border-gray-900\/50 text-gray-800 dark:text-gray-100 group dark:bg-gray-800\">\n<div class=\"text-base gap-4 md:gap-6 m-auto md:max-w-2xl lg:max-w-2xl xl:max-w-3xl p-4 md:py-6 flex lg:px-0\">\n<div class=\"relative flex w-[calc(100%-50px)] md:flex-col lg:w-[calc(100%-115px)]\">\n<div class=\"flex flex-grow flex-col gap-3\">\n<h2 class=\"min-h-[20px] flex flex-col items-start gap-4 whitespace-pre-wrap\">Instagram hikayeye \u015fark\u0131 ekleme nas\u0131l yap\u0131l\u0131r?<\/h2>\n<\/div>\n<\/div>\n<\/div>\n<\/div>\n<\/div>\n<\/div>\n<p>Instagram hikayelerine \u015fark\u0131 ekleme i\u015flemi \u00e7ok basit bir \u015fekilde yap\u0131labilir. \u0130lk olarak, Instagram uygulamas\u0131n\u0131 a\u00e7\u0131n ve hikaye olu\u015fturmak i\u00e7in kamera simgesine t\u0131klay\u0131n. Kamerada foto\u011fraf veya video \u00e7ektikten sonra d\u00fczenleme ara\u00e7lar\u0131na eri\u015fmek i\u00e7in yukar\u0131daki simgeler aras\u0131ndan &#8220;M\u00fczik&#8221; simgesine t\u0131klay\u0131n.<\/p>\n<p>Bu ekrandan, Instagram&#8217;\u0131n kendi m\u00fczik k\u00fct\u00fcphanesinden \u015fark\u0131lar se\u00e7ebilirsiniz. Se\u00e7ti\u011finiz \u015fark\u0131n\u0131n istedi\u011finiz k\u0131sm\u0131n\u0131 se\u00e7ebilirsiniz ve hikayenize ekleyebilirsiniz. Ekledi\u011finiz \u015fark\u0131n\u0131n sesini d\u00fczenlemek i\u00e7in ses d\u00fczenleme ara\u00e7lar\u0131na eri\u015febilirsiniz. Hikayenizi payla\u015ft\u0131ktan sonra, izleyicileriniz \u015fark\u0131n\u0131n isimini ve sanat\u00e7\u0131s\u0131n\u0131 g\u00f6rerek dinleyebilirler.<\/p>\n<p>&nbsp;<\/p>\n<h2>Instagram hikaye silme nas\u0131l yap\u0131l\u0131r?<\/h2>\n<div class=\"relative flex w-[calc(100%-50px)] md:flex-col lg:w-[calc(100%-115px)]\">\n<div class=\"text-gray-400 flex self-end lg:self-center justify-center mt-2 gap-4 lg:gap-1 lg:absolute lg:top-0 lg:translate-x-full lg:right-0 lg:mt-0 lg:pl-2 invisible\">\n<p>Instagram hikayenizi silmek i\u00e7in \u015fu ad\u0131mlar\u0131 izleyebilirsiniz:<\/p>\n<ol>\n<li>Instagram uygulamas\u0131n\u0131 a\u00e7\u0131n.<\/li>\n<li>Hikaye b\u00f6l\u00fcm\u00fcne gidin.<\/li>\n<li>Silmek istedi\u011finiz hikayeyi sa\u011fa kayd\u0131r\u0131n veya dokunun.<\/li>\n<li>Sil butonuna bas\u0131n veya dokunun.<\/li>\n<li>Silme i\u015flemini onaylamak i\u00e7in &#8220;Sil&#8221; se\u00e7ene\u011fine dokunun.<\/li>\n<\/ol>\n<p>Not: Ayn\u0131 zamanda, 24 saat i\u00e7inde payla\u015ft\u0131\u011f\u0131n\u0131z hikayeleri &#8220;Hikaye Ayarlar\u0131&#8221; men\u00fcs\u00fcnden silebilirsiniz. Bu men\u00fcye ula\u015fmak i\u00e7in profil resminizi dokunun ve &#8220;Hikaye Ayarlar\u0131&#8221; se\u00e7ene\u011fine t\u0131klay\u0131n. Daha sonra silmek istedi\u011finiz hikayeyi se\u00e7in ve &#8220;Sil&#8221; butonuna bas\u0131n.<\/p>\n<p>&nbsp;<\/p>\n<\/div>\n<\/div>\n<\/div>\n<\/div>\n<div class=\"w-full border-b border-black\/10 dark:border-gray-900\/50 text-gray-800 dark:text-gray-100 group bg-gray-50 dark:bg-[#444654]\">\n<div class=\"text-base gap-4 md:gap-6 m-auto md:max-w-2xl lg:max-w-2xl xl:max-w-3xl p-4 md:py-6 flex lg:px-0\">\n<div class=\"w-[30px] flex flex-col relative items-end\">\n<div class=\"relative h-[30px] w-[30px] p-1 rounded-sm text-white flex items-center justify-center\"><style>#sp-ea-3217 .spcollapsing { height: 0; overflow: hidden; transition-property: height;transition-duration: 300ms;}#sp-ea-3217.sp-easy-accordion>.sp-ea-single {margin-bottom: 10px; border: 1px solid #e2e2e2; }#sp-ea-3217.sp-easy-accordion>.sp-ea-single>.ea-header a {color: #444;}#sp-ea-3217.sp-easy-accordion>.sp-ea-single>.sp-collapse>.ea-body {background: #fff; color: #444;}#sp-ea-3217.sp-easy-accordion>.sp-ea-single {background: #eee;}#sp-ea-3217.sp-easy-accordion>.sp-ea-single>.ea-header a .ea-expand-icon { float: left; color: #444;font-size: 16px;}<\/style><div id=\"sp_easy_accordion-1777619624\">\n<div id=\"sp-ea-3217\" class=\"sp-ea-one sp-easy-accordion\" data-ea-active=\"ea-click\" data-ea-mode=\"vertical\" data-preloader=\"\" data-scroll-active-item=\"\" data-offset-to-scroll=\"0\">\n\n<!-- Start accordion card div. -->\n<div class=\"ea-card ea-expand sp-ea-single\">\n\t<!-- Start accordion header. -->\n\t<h3 class=\"ea-header\">\n\t\t<!-- Add anchor tag for header. -->\n\t\t<a class=\"collapsed\" id=\"ea-header-32170\" role=\"button\" data-sptoggle=\"spcollapse\" data-sptarget=\"#collapse32170\" aria-controls=\"collapse32170\" href=\"#\"  aria-expanded=\"true\" tabindex=\"0\">\n\t\t<i aria-hidden=\"true\" role=\"presentation\" class=\"ea-expand-icon eap-icon-ea-expand-minus\"><\/i> \u0130nstagram Eski hikaye nas\u0131l payla\u015f\u0131l\u0131r?\t\t<\/a> <!-- Close anchor tag for header. -->\n\t<\/h3>\t<!-- Close header tag. -->\n\t<!-- Start collapsible content div. -->\n\t<div class=\"sp-collapse spcollapse collapsed show\" id=\"collapse32170\" data-parent=\"#sp-ea-3217\" role=\"region\" aria-labelledby=\"ea-header-32170\">  <!-- Content div. -->\n\t\t<div class=\"ea-body\">\n\t\t<div class=\"flex-1 overflow-hidden\">\n<div class=\"react-scroll-to-bottom--css-udlmd-79elbk h-full dark:bg-gray-800\">\n<div class=\"react-scroll-to-bottom--css-udlmd-1n7m0yu\">\n<div class=\"flex flex-col items-center text-sm h-full dark:bg-gray-800\">\n<div class=\"w-full border-b border-black\/10 dark:border-gray-900\/50 text-gray-800 dark:text-gray-100 group bg-gray-50 dark:bg-[#444654]\">\n<div class=\"text-base gap-4 md:gap-6 m-auto md:max-w-2xl lg:max-w-2xl xl:max-w-3xl p-4 md:py-6 flex lg:px-0\">\n<div class=\"relative flex w-[calc(100%-50px)] md:flex-col lg:w-[calc(100%-115px)]\">\n<div class=\"flex flex-grow flex-col gap-3\">\n<div class=\"min-h-[20px] flex flex-col items-start gap-4 whitespace-pre-wrap\">\n<div class=\"markdown prose w-full break-words dark:prose-invert dark\">\n<p>Instagram'da eski hikayelerinizi yeniden payla\u015fmak i\u00e7in a\u015fa\u011f\u0131daki ad\u0131mlar\u0131 izleyebilirsiniz:<\/p>\n<ol>\n<li>Ana sayfan\u0131za geri d\u00f6nen ve hikaye payla\u015fma b\u00f6l\u00fcm\u00fcne gitmek i\u00e7in profil simgesine t\u0131klay\u0131n.<\/li>\n<li>Hikayelerinizin arkas\u0131ndaki saat i\u015faretine t\u0131klay\u0131n.<\/li>\n<li>Hikayeleriniz aras\u0131ndan yeniden payla\u015fmak istedi\u011finiz hikayeyi se\u00e7in.<\/li>\n<li>Se\u00e7ti\u011finiz hikayenin \u00fcst\u00fcnde sa\u011f \u00fcstteki \"Payla\u015f\" d\u00fc\u011fmesine t\u0131klay\u0131n.<\/li>\n<li>Hikayenizi yeniden payla\u015fmak istedi\u011finiz zaman dilimini se\u00e7in ve payla\u015fmak i\u00e7in \"Payla\u015f\" d\u00fc\u011fmesine t\u0131klay\u0131n.<\/li>\n<\/ol>\n<p>Not: Eski hikayeler sadece sizin takip\u00e7ileriniz taraf\u0131ndan g\u00f6r\u00fclebilir. Yeni takip\u00e7ileriniz hikayelerinizi g\u00f6rmeye devam edemez.<\/p>\n<\/div>\n<\/div>\n<\/div>\n<div class=\"text-gray-400 flex self-end lg:self-center justify-center mt-2 gap-4 lg:gap-1 lg:absolute lg:top-0 lg:translate-x-full lg:right-0 lg:mt-0 lg:pl-2 visible\"><\/div>\n<\/div>\n<\/div>\n<\/div>\n<div class=\"w-full h-48 flex-shrink-0\"><\/div>\n<\/div>\n<\/div>\n<\/div>\n<\/div>\n<div class=\"absolute bottom-0 left-0 w-full border-t md:border-t-0 dark:border-white\/20 md:border-transparent md:dark:border-transparent md:bg-vert-light-gradient bg-white dark:bg-gray-800 md:!bg-transparent dark:md:bg-vert-dark-gradient\">\n<div class=\"relative h-full flex-1 md:flex-col flex-col\">\n<div class=\"ml-1 mt-1.5 md:w-full md:m-auto md:flex md:mb-2 gap-2 justify-center\"><\/div>\n<\/div>\n<\/div>\n\t\t<\/div> <!-- Close content div. -->\n\t<\/div> <!-- Close collapse div. -->\n<\/div> <!-- Close card div. -->\n<!-- Start accordion card div. -->\n<div class=\"ea-card  sp-ea-single\">\n\t<!-- Start accordion header. -->\n\t<h3 class=\"ea-header\">\n\t\t<!-- Add anchor tag for header. -->\n\t\t<a class=\"collapsed\" id=\"ea-header-32171\" role=\"button\" data-sptoggle=\"spcollapse\" data-sptarget=\"#collapse32171\" aria-controls=\"collapse32171\" href=\"#\"  aria-expanded=\"false\" tabindex=\"0\">\n\t\t<i aria-hidden=\"true\" role=\"presentation\" class=\"ea-expand-icon eap-icon-ea-expand-plus\"><\/i> Instagram'da 2 tane hikaye nas\u0131l yap\u0131l\u0131r?\t\t<\/a> <!-- Close anchor tag for header. -->\n\t<\/h3>\t<!-- Close header tag. -->\n\t<!-- Start collapsible content div. -->\n\t<div class=\"sp-collapse spcollapse \" id=\"collapse32171\" data-parent=\"#sp-ea-3217\" role=\"region\" aria-labelledby=\"ea-header-32171\">  <!-- Content div. -->\n\t\t<div class=\"ea-body\">\n\t\t<p>Instagram'da 2 tane hikaye yapmak i\u00e7in, hikayenizi olu\u015fturduktan sonra sol alt k\u00f6\u015fede yer alan \"kamera simgesi\" ne t\u0131klaman\u0131z yeterlidir. Bu sayede ikinci hikayenizi olu\u015fturarak payla\u015fabilirsiniz. Ayn\u0131 zamanda birbirinden farkl\u0131 hikayeler olu\u015fturmak i\u00e7in uygulaman\u0131n kameras\u0131na geri d\u00f6nebilirsiniz.<\/p>\n<p>Not: birden fazla hikayeniz varsa kullan\u0131c\u0131lar hikayelerinizi s\u0131rayla izleyebilirler.<\/p>\n\t\t<\/div> <!-- Close content div. -->\n\t<\/div> <!-- Close collapse div. -->\n<\/div> <!-- Close card div. -->\n<\/div>\n<\/div>\n<\/div>\n<\/div>\n<div class=\"relative flex w-[calc(100%-50px)] md:flex-col lg:w-[calc(100%-115px)]\">\n<div class=\"flex flex-grow flex-col gap-3\">\n<div class=\"min-h-[20px] flex flex-col items-start gap-4 whitespace-pre-wrap\">\n<div class=\"markdown prose w-full break-words dark:prose-invert result-streaming dark\"><\/div>\n<\/div>\n<\/div>\n<\/div>\n<\/div>\n<\/div>\n<\/div>\n<\/div>\n<\/div>\n<\/div>\n<\/div>\n<\/p>","protected":false},"excerpt":{"rendered":"<p>Instagram Hikayelerine Eski Foto\u011fraf ve Videolar Nas\u0131l eklenir? Eski foto\u011fraf ve videolar\u0131 Instagram Hikayelerine eklemek i\u00e7in, Instagram uygulamas\u0131n\u0131 a\u00e7\u0131n ve &#8220;Kamera&#8221; simgesine dokunun. Daha sonra, foto\u011fraf veya video eklemek istedi\u011finizde&#46;&#46;&#46;<\/p>\n","protected":false},"author":1,"featured_media":3216,"comment_status":"open","ping_status":"open","sticky":false,"template":"","format":"standard","meta":{"footnotes":""},"categories":[460],"tags":[608,611,610,612,609],"class_list":["post-3215","post","type-post","status-publish","format-standard","has-post-thumbnail","hentry","category-instagram","tag-eski-iceriklerin-yeniden-paylasilmasi","tag-arsivlenmis-hikayelerin-yeniden-canlandirilmasi","tag-arsivlenmis-hikayelerin-yeniden-kullanilmasi","tag-gecmis-hikayelerin-yeniden-yayinlanmasi","tag-instagram-hikayelerine-eski-fotograf-ve-videolar-eklemek"],"_links":{"self":[{"href":"https:\/\/trmedya.co\/blog\/wp-json\/wp\/v2\/posts\/3215","targetHints":{"allow":["GET"]}}],"collection":[{"href":"https:\/\/trmedya.co\/blog\/wp-json\/wp\/v2\/posts"}],"about":[{"href":"https:\/\/trmedya.co\/blog\/wp-json\/wp\/v2\/types\/post"}],"author":[{"embeddable":true,"href":"https:\/\/trmedya.co\/blog\/wp-json\/wp\/v2\/users\/1"}],"replies":[{"embeddable":true,"href":"https:\/\/trmedya.co\/blog\/wp-json\/wp\/v2\/comments?post=3215"}],"version-history":[{"count":0,"href":"https:\/\/trmedya.co\/blog\/wp-json\/wp\/v2\/posts\/3215\/revisions"}],"wp:featuredmedia":[{"embeddable":true,"href":"https:\/\/trmedya.co\/blog\/wp-json\/wp\/v2\/media\/3216"}],"wp:attachment":[{"href":"https:\/\/trmedya.co\/blog\/wp-json\/wp\/v2\/media?parent=3215"}],"wp:term":[{"taxonomy":"category","embeddable":true,"href":"https:\/\/trmedya.co\/blog\/wp-json\/wp\/v2\/categories?post=3215"},{"taxonomy":"post_tag","embeddable":true,"href":"https:\/\/trmedya.co\/blog\/wp-json\/wp\/v2\/tags?post=3215"}],"curies":[{"name":"wp","href":"https:\/\/api.w.org\/{rel}","templated":true}]}}