{"id":3595,"date":"2023-01-16T13:19:25","date_gmt":"2023-01-16T10:19:25","guid":{"rendered":"https:\/\/trmedya.co\/blog\/?p=3595"},"modified":"2023-01-17T13:02:27","modified_gmt":"2023-01-17T10:02:27","slug":"instagramda-kisitlandigimi-nasil-anlarim","status":"publish","type":"post","link":"https:\/\/trmedya.co\/blog\/instagramda-kisitlandigimi-nasil-anlarim\/","title":{"rendered":"Instagram&#8217;da K\u0131s\u0131tland\u0131\u011f\u0131m\u0131 Nas\u0131l Anlar\u0131m?"},"content":{"rendered":"\r\n<p>Instagram kullan\u0131c\u0131lar\u0131, hesaplar\u0131n\u0131n k\u0131s\u0131tland\u0131\u011f\u0131n\u0131 anlamak i\u00e7in baz\u0131 belirtileri aramal\u0131d\u0131r. \u00d6ncelikle, hesab\u0131n\u0131zda yapt\u0131\u011f\u0131n\u0131z payla\u015f\u0131mlar\u0131n g\u00f6r\u00fcn\u00fcrl\u00fc\u011f\u00fc azalm\u0131\u015f olabilir. Ayr\u0131ca, hesab\u0131n\u0131zda yapt\u0131\u011f\u0131n\u0131z yorumlar veya be\u011fenilerin di\u011fer kullan\u0131c\u0131lar taraf\u0131ndan g\u00f6r\u00fclmemesi de bir k\u0131s\u0131tlaman\u0131n belirtisi olabilir. Ayr\u0131ca, <strong>Instagram <\/strong>taraf\u0131ndan uygulanan bir k\u0131s\u0131tlaman\u0131n bildiriminde, hesab\u0131n\u0131z\u0131n k\u0131s\u0131tland\u0131\u011f\u0131 veya donduruldu\u011fu bilgisi ekranda g\u00f6r\u00fclebilir.<\/p>\r\n\r\n\r\n\r\n<div class=\"uckan-card\"><button type=\"text\" aria-label=\"Kapat\"><i class=\"gi gi-times\"><\/i><\/button><a class=\"uckan-card--url\"  target=\"_blank\" href=\"https:\/\/trmedya.co\/blog\/adim-adim-instagram-arama-gecmisi-temizligi-nasil-yapilir\/\"><\/a><div class=\"uckan-card--left\"><img loading=\"lazy\" decoding=\"async\" class=\"geo-related_shortcode\" alt=\"thumbnail\" height=\"90\" width=\"150\" src=\"https:\/\/trmedya.co\/blog\/wp-content\/uploads\/2023\/01\/adim-adim-instagram-arama-gecmisi-temizligi-nasil-yapilir-1.png\" title=\"\"><\/div><div class=\"uckan-card--right\"><div class=\"type\">\u00d6nerilen Yaz\u0131<\/div><div class=\"headline\">Instagram Arama Ge\u00e7mi\u015fi Temizli\u011fi Nas\u0131l Yap\u0131l\u0131r?<\/div><\/div><\/div>\r\n\r\n\r\n\r\n<h2 class=\"wp-block-heading\">Instagram&#8217;da K\u0131s\u0131tlama \u00d6zelli\u011fi Nedir?<\/h2>\r\n\r\n\r\n\r\n<p><strong><a href=\"https:\/\/trmedya.co\/blog\/instagramda-kisitlandigimi-nasil-anlarim\/\">Instagramda k\u0131s\u0131tlama \u00f6zelli\u011fi nedir?<\/a><\/strong>, kullan\u0131c\u0131lar\u0131n belirli bir profilin i\u00e7eri\u011fini g\u00f6rmek istememe durumunda kullanabilecekleri bir se\u00e7enektir. K\u0131s\u0131tlama \u00f6zelli\u011fi ile kullan\u0131c\u0131lar belirli bir profilin payla\u015ft\u0131\u011f\u0131 g\u00f6nderileri, hikayeleri veya yorumlar\u0131n\u0131 g\u00f6remezler.<\/p>\r\n\r\n\r\n\r\n<p>Bu \u00f6zellik, \u00f6zellikle sosyal medyada rahats\u0131z edici ya da ho\u015flanmad\u0131\u011f\u0131n\u0131z i\u00e7erikleri engellemek i\u00e7in kullan\u0131l\u0131r. Ayr\u0131ca, k\u0131s\u0131tlama \u00f6zelli\u011fi kullan\u0131c\u0131lar\u0131n kendi gizlili\u011fini de koruma imkan\u0131 sa\u011flar. \u00d6zellikle kullan\u0131c\u0131lar\u0131n belirli bir profil taraf\u0131ndan takip edilmesini ya da etkile\u015fimde bulunulmas\u0131n\u0131 istememe durumunda kullan\u0131labilir. Bu \u00f6zellik kullanarak kendinizi rahats\u0131z edici i\u00e7eriklerden koruyabilirsiniz.<\/p>\r\n\r\n\r\n\r\n<p>&nbsp;<\/p>\r\n\r\n\r\n\r\n<h2 class=\"wp-block-heading\"><strong>Instagram&#8217;da K\u0131s\u0131tlama Ka\u00e7 G\u00fcn S\u00fcrer?<\/strong><\/h2>\r\n\r\n\r\n\r\n<p>K\u0131s\u0131tlama genellikle birka\u00e7 saat ya da g\u00fcn i\u00e7inde kald\u0131r\u0131l\u0131r ancak bazen daha uzun s\u00fcrebilir. Kullan\u0131c\u0131lar\u0131n k\u0131s\u0131tlamay\u0131 kald\u0131rmak i\u00e7in yapmas\u0131 gereken \u015fey, kurallara uymak ve Instagram taraf\u0131ndan belirlenen ihlalleri d\u00fczeltmektir.<\/p>\r\n\r\n\r\n\r\n<h2 class=\"wp-block-heading\">Instagram&#8217;da K\u0131s\u0131tland\u0131\u011f\u0131m\u0131 Nas\u0131l Anlar\u0131m?<\/h2>\r\n\r\n\r\n\r\n<p>Instagram, kullan\u0131c\u0131lar\u0131n hesaplar\u0131n\u0131n kullan\u0131m\u0131n\u0131 kontrol etmek i\u00e7in bir\u00e7ok \u00f6nlem almaktad\u0131r. Bu \u00f6nlemler aras\u0131nda, hesaplar\u0131n k\u0131s\u0131tlanmas\u0131 da bulunmaktad\u0131r. Instagram hesab\u0131n\u0131z\u0131n k\u0131s\u0131tland\u0131\u011f\u0131n\u0131 anlaman\u0131z i\u00e7in baz\u0131 belirtiler bulunmaktad\u0131r.<\/p>\r\n\r\n\r\n\r\n<ol class=\"wp-block-list\">\r\n<li>Giri\u015f yaparken &#8220;G\u00fcvenlik Uyar\u0131s\u0131&#8221; al\u0131yorsan\u0131z: E\u011fer Instagram hesab\u0131n\u0131za giri\u015f yaparken &#8220;G\u00fcvenlik Uyar\u0131s\u0131&#8221; al\u0131yorsan\u0131z, hesab\u0131n\u0131z k\u0131s\u0131tlanm\u0131\u015f olabilir. Bu uyar\u0131, hesab\u0131n\u0131z\u0131n potansiyel olarak spam veya sahte oldu\u011funu d\u00fc\u015f\u00fcnd\u00fc\u011f\u00fcn\u00fc belirtmektedir.<\/li>\r\n\r\n\r\n\r\n<li>\u0130letileriniz engelleniyorsa: E\u011fer Instagram hesab\u0131n\u0131zda payla\u015ft\u0131\u011f\u0131n\u0131z iletilerin engellendi\u011fini fark ediyorsan\u0131z, hesab\u0131n\u0131z k\u0131s\u0131tlanm\u0131\u015f olabilir. Bu durumda, Instagram, hesab\u0131n\u0131z\u0131n kurallar\u0131 ihlal etti\u011fini d\u00fc\u015f\u00fcnmektedir ve iletilerinizi kald\u0131rmaktad\u0131r.<\/li>\r\n\r\n\r\n\r\n<li>Takip\u00e7i say\u0131n\u0131z azal\u0131yorsa: E\u011fer Instagram hesab\u0131n\u0131zda takip\u00e7i say\u0131n\u0131z aniden azal\u0131yorsa, hesab\u0131n\u0131z k\u0131s\u0131tlanm\u0131\u015f olabilir. Bu durumda, Instagram, hesab\u0131n\u0131zda spam veya sahte takip\u00e7iler oldu\u011funu d\u00fc\u015f\u00fcnmektedir ve bu takip\u00e7ileri kald\u0131rmaktad\u0131r.<\/li>\r\n\r\n\r\n\r\n<li>Profiliniz veya iletileriniz arama sonu\u00e7lar\u0131nda g\u00f6r\u00fcnm\u00fcyorsa: E\u011fer Instagram profiliniz veya iletileriniz arama sonu\u00e7lar\u0131nda g\u00f6r\u00fcnm\u00fcyorsa, hesab\u0131n\u0131z k\u0131s\u0131tlanm\u0131\u015f olabilir. Bu durumda, Instagram, hesab\u0131n\u0131z\u0131n kurallar\u0131 ihlal etti\u011fini d\u00fc\u015f\u00fcnmektedir ve profilinizi veya iletilerinizi arama sonu\u00e7lar\u0131ndan \u00e7\u0131karmaktad\u0131r.<\/li>\r\n<\/ol>\r\n\r\n\r\n\r\n<p>Instagram hesab\u0131n\u0131z\u0131n k\u0131s\u0131tland\u0131\u011f\u0131n\u0131 anlad\u0131\u011f\u0131n\u0131zda, Instagram&#8217;\u0131n kurallar\u0131n\u0131 ihlal etti\u011finizi d\u00fc\u015f\u00fcnd\u00fc\u011f\u00fc noktalar\u0131 d\u00fczeltmeli ve Instagram&#8217;a ba\u015fvurmal\u0131s\u0131n\u0131z.<\/p>\r\n\r\n\r\n\r\n<p>&nbsp;<\/p>\r\n\r\n\r\n\r\n<h2 class=\"wp-block-heading\">Instagram&#8217;da K\u0131s\u0131tlama Nas\u0131l Kald\u0131r\u0131l\u0131r?<\/h2>\r\n\r\n\r\n\r\n<p><strong><a href=\"https:\/\/trmedya.co\/blog\/instagramda-kisitlandigimi-nasil-anlarim\/\">Instagram&#8217;da K\u0131s\u0131tlama Nas\u0131l Kald\u0131r\u0131l\u0131r?<\/a><\/strong> Kullan\u0131c\u0131lar\u0131n s\u0131k\u00e7a sordu\u011fu bir soru olsa da, Instagram k\u0131s\u0131tlamas\u0131n\u0131n nas\u0131l kald\u0131r\u0131laca\u011f\u0131 konusunda net bir yan\u0131t yoktur. Instagram, kullan\u0131c\u0131lar\u0131n kurallar\u0131 ihlal etti\u011fi ya da uygunsuz i\u00e7erik payla\u015ft\u0131\u011f\u0131 durumlarda k\u0131s\u0131tlamalar uygulayabilir. Bu k\u0131s\u0131tlamalar, genellikle birka\u00e7 saat veya birka\u00e7 g\u00fcn s\u00fcrebilir ve kullan\u0131c\u0131n\u0131n profilini, payla\u015f\u0131mlar\u0131n\u0131 veya yorumlar\u0131n\u0131 s\u0131n\u0131rland\u0131rabilir.<\/p>\r\n\r\n\r\n\r\n<ol class=\"wp-block-list\">\r\n<li>\u0130lk olarak, Instagram&#8217;\u0131n kurallar\u0131n\u0131 dikkatli bir \u015fekilde okuyun ve ne t\u00fcr ihlaller yapt\u0131\u011f\u0131n\u0131z\u0131 anlay\u0131n.<\/li>\r\n\r\n\r\n\r\n<li>K\u0131s\u0131tlama s\u00fcresi boyunca profilinizi kullanmay\u0131n ve ihlalleri tekrarlamay\u0131n.<\/li>\r\n\r\n\r\n\r\n<li>K\u0131s\u0131tlama s\u00fcresi sonunda, Instagram&#8217;a ihlalinizi anlad\u0131\u011f\u0131n\u0131z\u0131 ve bunun tekrar olmayaca\u011f\u0131n\u0131 belirten bir \u00f6z\u00fcr dilek\u00e7esi g\u00f6ndermeniz gerekir. Bu dilek\u00e7ede, Instagram kurallar\u0131n\u0131n ne kadar \u00f6nemli oldu\u011funu ve ne kadar sayg\u0131l\u0131 oldu\u011funuzu belirtmelisiniz. Ayr\u0131ca, Instagram&#8217;\u0131n kullan\u0131m\u0131n\u0131n nas\u0131l daha iyi ve etkili hale gelebilece\u011fini \u00f6nerilerinizle birlikte sunmal\u0131s\u0131n\u0131z. Dilek\u00e7eniz, Instagram ekibinin de\u011ferlendirmesinden sonra, k\u0131s\u0131tlaman\u0131n kald\u0131r\u0131l\u0131p kald\u0131r\u0131lmayaca\u011f\u0131na karar verilecektir. Bu s\u00fcre\u00e7, birka\u00e7 g\u00fcn ya da hafta s\u00fcrebilir.<\/li>\r\n<\/ol>\r\n\r\n\r\n\r\n<p>E\u011fer k\u0131s\u0131tlaman\u0131n kald\u0131r\u0131lmas\u0131n\u0131 istiyorsan\u0131z, <strong>Instagram <\/strong>ekibine iletmek istedi\u011finiz mesaj\u0131n\u0131z\u0131n \u00f6zellikle d\u00fcr\u00fcst ve samimi olmas\u0131na dikkat etmelisiniz. Ayr\u0131ca, Instagram kurallar\u0131n\u0131n ne oldu\u011funu ve hangi kurallar\u0131 ihlal etti\u011finizi a\u00e7\u0131k\u00e7a belirtmelisiniz. Bu sayede, Instagram ekibi k\u0131s\u0131tlaman\u0131n neden kald\u0131r\u0131lmas\u0131 gerekti\u011fini daha iyi anlayabilir.<\/p>\r\n","protected":false},"excerpt":{"rendered":"<p>Instagram kullan\u0131c\u0131lar\u0131, hesaplar\u0131n\u0131n k\u0131s\u0131tland\u0131\u011f\u0131n\u0131 anlamak i\u00e7in baz\u0131 belirtileri aramal\u0131d\u0131r. \u00d6ncelikle, hesab\u0131n\u0131zda yapt\u0131\u011f\u0131n\u0131z payla\u015f\u0131mlar\u0131n g\u00f6r\u00fcn\u00fcrl\u00fc\u011f\u00fc azalm\u0131\u015f olabilir. Ayr\u0131ca, hesab\u0131n\u0131zda yapt\u0131\u011f\u0131n\u0131z yorumlar veya be\u011fenilerin di\u011fer kullan\u0131c\u0131lar taraf\u0131ndan g\u00f6r\u00fclmemesi de bir k\u0131s\u0131tlaman\u0131n belirtisi&#46;&#46;&#46;<\/p>\n","protected":false},"author":1,"featured_media":3597,"comment_status":"open","ping_status":"open","sticky":false,"template":"","format":"standard","meta":{"footnotes":""},"categories":[460],"tags":[56,640,639,638],"class_list":["post-3595","post","type-post","status-publish","format-standard","has-post-thumbnail","hentry","category-instagram","tag-instagram","tag-hesap-kisitlamasi","tag-ihlal","tag-kisitlamalar"],"_links":{"self":[{"href":"https:\/\/trmedya.co\/blog\/wp-json\/wp\/v2\/posts\/3595","targetHints":{"allow":["GET"]}}],"collection":[{"href":"https:\/\/trmedya.co\/blog\/wp-json\/wp\/v2\/posts"}],"about":[{"href":"https:\/\/trmedya.co\/blog\/wp-json\/wp\/v2\/types\/post"}],"author":[{"embeddable":true,"href":"https:\/\/trmedya.co\/blog\/wp-json\/wp\/v2\/users\/1"}],"replies":[{"embeddable":true,"href":"https:\/\/trmedya.co\/blog\/wp-json\/wp\/v2\/comments?post=3595"}],"version-history":[{"count":0,"href":"https:\/\/trmedya.co\/blog\/wp-json\/wp\/v2\/posts\/3595\/revisions"}],"wp:featuredmedia":[{"embeddable":true,"href":"https:\/\/trmedya.co\/blog\/wp-json\/wp\/v2\/media\/3597"}],"wp:attachment":[{"href":"https:\/\/trmedya.co\/blog\/wp-json\/wp\/v2\/media?parent=3595"}],"wp:term":[{"taxonomy":"category","embeddable":true,"href":"https:\/\/trmedya.co\/blog\/wp-json\/wp\/v2\/categories?post=3595"},{"taxonomy":"post_tag","embeddable":true,"href":"https:\/\/trmedya.co\/blog\/wp-json\/wp\/v2\/tags?post=3595"}],"curies":[{"name":"wp","href":"https:\/\/api.w.org\/{rel}","templated":true}]}}