{"id":4334,"date":"2023-04-19T23:11:32","date_gmt":"2023-04-19T20:11:32","guid":{"rendered":"https:\/\/trmedya.co\/blog\/?p=4334"},"modified":"2023-04-19T23:11:32","modified_gmt":"2023-04-19T20:11:32","slug":"instagram-canli-yayin-izlenme-sayinizi-ucuracak-oneriler","status":"publish","type":"post","link":"https:\/\/trmedya.co\/blog\/instagram-canli-yayin-izlenme-sayinizi-ucuracak-oneriler\/","title":{"rendered":"Instagram Canl\u0131 Yay\u0131n \u0130zlenme Say\u0131n\u0131z\u0131 U\u00e7uracak \u00d6neriler"},"content":{"rendered":"<h2><h2 style=\"border-color: blue\" class=\"geoit-sc2-headline\">Giri\u015f<\/h2><\/h2>\n<p>Instagram, canl\u0131 yay\u0131n konusunda en pop\u00fcler sosyal medya platformlar\u0131ndan biridir ve kullan\u0131c\u0131lar\u0131n foto\u011fraf ve video payla\u015fmalar\u0131na ve bunlarla etkile\u015fim kurmalar\u0131na olanak tan\u0131r. Bir\u00e7ok ki\u015fi ve marka, takip\u00e7ileri ile an\u0131nda ileti\u015fim kurmak ve daha geni\u015f bir kitleye ula\u015fmak i\u00e7in <strong>Instagram Canl\u0131 yay\u0131nlar\u0131n\u0131<\/strong> kullan\u0131yor. <strong>Instagram canl\u0131 yay\u0131n izlenme artt\u0131rma \u00f6nerilerimiz<\/strong> ile canl\u0131 yay\u0131nlar\u0131n\u0131z\u0131n etkisini art\u0131rabilirsiniz. \u0130\u015fte Instagram canl\u0131 yay\u0131nlar\u0131n\u0131z\u0131n daha fazla izlenme almas\u0131 i\u00e7in baz\u0131 t\u00fcyolar!<\/p>\n<h3>Canl\u0131 Yay\u0131na Haz\u0131rl\u0131k<\/h3>\n<ol>\n<li><strong>Duyurular Yap\u0131n<\/strong>: Canl\u0131 yay\u0131na ba\u015flamadan \u00f6nce, takip\u00e7ilerinize duyuru yaparak onlar\u0131n ilgisini \u00e7ekin. Instagram hikayelerinde, g\u00f6nderilerde veya di\u011fer sosyal medya platformlar\u0131nda duyurular\u0131n\u0131z\u0131 yapabilirsiniz.<\/li>\n<li><strong>Konuyu Belirleyin<\/strong>: Canl\u0131 yay\u0131n\u0131n amac\u0131n\u0131 ve konusunu belirleyin. Takip\u00e7ilerinizin ilgisini \u00e7ekecek ve onlara de\u011fer katacak konular\u0131 tercih edin.<\/li>\n<li><strong>Zaman\u0131 \u0130yi Se\u00e7in<\/strong>: Takip\u00e7i kitlenizin en aktif oldu\u011fu saatlerde canl\u0131 yay\u0131n yapmak, izlenme say\u0131s\u0131n\u0131 art\u0131rmaya yard\u0131mc\u0131 olur.<\/li>\n<\/ol>\n<h3>Canl\u0131 Yay\u0131n S\u0131ras\u0131nda Uygulanacak \u0130pu\u00e7lar\u0131<\/h3>\n<h4>\u0130leti\u015fimi G\u00fc\u00e7l\u00fc Tutun<\/h4>\n<p>Canl\u0131 yay\u0131n s\u0131ras\u0131nda takip\u00e7ilerinizle ileti\u015fim kurun ve onlar\u0131n sorular\u0131na yan\u0131t verin. Bu sayede <strong>Instagram canl\u0131 yay\u0131n izlenme say\u0131s\u0131 artt\u0131rma<\/strong> \u00f6nerileri i\u00e7erisinde en \u00f6nemli olan\u0131 uygulam\u0131\u015f olursunuz. \u0130\u015fte ileti\u015fimi g\u00fc\u00e7l\u00fc tutman\u0131n yollar\u0131:<\/p>\n<ul>\n<li>Takip\u00e7ilerinizi selamlayarak ve isimlerini kullanarak onlara de\u011fer verdi\u011finizi g\u00f6sterin.<\/li>\n<li>Sorular\u0131 yan\u0131tlarken, takip\u00e7ilerinize te\u015fekk\u00fcr edin ve onlardan daha fazla soru sormalar\u0131n\u0131 isteyin.<\/li>\n<li>Canl\u0131 yay\u0131n boyunca enerjinizi y\u00fcksek tutarak takip\u00e7ilerinizin ilgisini canl\u0131 tutun.<\/li>\n<\/ul>\n<h4>G\u00f6rsel ve \u0130\u015fitsel Kaliteye \u00d6zen G\u00f6sterin<\/h4>\n<p><strong>Instagram canl\u0131 yay\u0131n izlenme say\u0131s\u0131 artt\u0131rma<\/strong> \u00f6nerileri aras\u0131nda g\u00f6rsel ve i\u015fitsel kalite de b\u00fcy\u00fck \u00f6nem ta\u015f\u0131r. \u0130\u015fte dikkat etmeniz gerekenler:<\/p>\n<ul>\n<li>Ayd\u0131nlatma ve kameran\u0131z\u0131n a\u00e7\u0131s\u0131n\u0131 kontrol ederek net ve kaliteli bir g\u00f6r\u00fcnt\u00fc sa\u011flay\u0131n.<\/li>\n<li>\u0130yi bir mikrofon kullanarak ses kalitesini art\u0131r\u0131n ve arka plandaki g\u00fcr\u00fclt\u00fcy\u00fc en aza indirin.<\/li>\n<\/ul>\n<p>&nbsp;<\/p>\n<p><strong>Canl\u0131 Yay\u0131n\u0131 Payla\u015f\u0131n ve Kaydedin<\/strong><\/p>\n<p>Canl\u0131 yay\u0131n\u0131n\u0131z\u0131 daha geni\u015f bir kitleye ula\u015ft\u0131rmak i\u00e7in <strong>Instagram canl\u0131 yay\u0131n izlenme say\u0131s\u0131 artt\u0131rma \u00f6nerileri<\/strong> \u015funlard\u0131r:<\/p>\n<ul>\n<li>Canl\u0131 yay\u0131n\u0131n ba\u015f\u0131nda ve devam\u0131nda, takip\u00e7ilerinizin yay\u0131n\u0131 arkada\u015flar\u0131yla payla\u015fmalar\u0131n\u0131 isteyin.<\/li>\n<li>Yay\u0131n\u0131n\u0131z\u0131 kaydedin ve daha sonra profilinizde veya di\u011fer sosyal medya platformlar\u0131nda payla\u015farak izlenme say\u0131s\u0131n\u0131 art\u0131r\u0131n.<\/li>\n<\/ul>\n<h3>Canl\u0131 Yay\u0131n Sonras\u0131 \u0130zlenme Say\u0131s\u0131n\u0131 Art\u0131rma \u00d6nerileri<\/h3>\n<ol>\n<li style=\"list-style-type: none;\">\n<ol>\n<li><strong>Yay\u0131n\u0131n \u00d6zetini Payla\u015f\u0131n<\/strong>: <a href=\"https:\/\/trmedya.co\/blog\/instagram-canli-yayin-nasil-indirilir\/\">Canl\u0131 yay\u0131n<\/a> sonras\u0131nda, yay\u0131n\u0131n \u00f6zetini ve \u00f6nemli noktalar\u0131n\u0131 i\u00e7eren bir g\u00f6nderi payla\u015farak, izlemeyen takip\u00e7ilerinizin ilgisini \u00e7ekin.<\/li>\n<li><strong>Yay\u0131n\u0131 Payla\u015farak Etkile\u015fimi Art\u0131r\u0131n<\/strong>: Canl\u0131 yay\u0131n\u0131 profilinizde ve di\u011fer sosyal medya platformlar\u0131nda payla\u015farak, izlenme say\u0131s\u0131n\u0131 ve etkile\u015fimi art\u0131rabilirsiniz.<\/li>\n<li><strong>Takip\u00e7ilerinizle Etkile\u015fime Devam Edin<\/strong>: Yay\u0131n sonras\u0131nda takip\u00e7ilerinizin sorular\u0131n\u0131 ve yorumlar\u0131n\u0131 yan\u0131tlamaya devam ederek, izlenme say\u0131s\u0131n\u0131 ve etkile\u015fimi art\u0131rabilirsiniz.<\/li>\n<\/ol>\n<\/li>\n<\/ol>\n<p>&nbsp;<\/p>\n<h2>\u0130lgi \u00c7ekici Fikirler Ve \u0130\u00e7erikler \u00dcretin<\/h2>\n<p><strong>Canl\u0131 yay\u0131nlar\u0131n\u0131z\u0131n izlenme say\u0131s\u0131n\u0131 art\u0131rmak<\/strong> i\u00e7in dikkat \u00e7ekici ve ilgi \u00e7ekici i\u00e7erikler \u00fcretmek \u00f6nemlidir. Takip\u00e7ilerinize de\u011fer katacak ve onlar\u0131n ilgisini \u00e7ekecek konular\u0131 tercih edin. \u0130\u015fte ilgi \u00e7ekici fikirler ve i\u00e7erikler \u00fcretmek i\u00e7in baz\u0131 \u00f6neriler:<\/p>\n<ol>\n<li><strong>Trend Konular\u0131 Takip Edin<\/strong>: Sosyal medyada g\u00fcndemde olan konular\u0131 takip ederek, canl\u0131 yay\u0131nlar\u0131n\u0131zda ele alabilirsiniz. Bu sayede daha geni\u015f bir kitleye ula\u015fabilirsiniz.<\/li>\n<li><strong>Etkile\u015fimli \u0130\u00e7erikler Olu\u015fturun<\/strong>: Canl\u0131 yay\u0131nlar\u0131n\u0131zda, takip\u00e7ilerinizle etkile\u015fime ge\u00e7melerini sa\u011flayacak i\u00e7erikler \u00fcretin. \u00d6rne\u011fin, soru-cevap b\u00f6l\u00fcmleri, anketler veya yar\u0131\u015fmalar d\u00fczenleyerek takip\u00e7ilerinizi yay\u0131na dahil edebilirsiniz.<\/li>\n<li><strong>E\u011fitici ve Bilgilendirici \u0130\u00e7erikler Sunun<\/strong>: Takip\u00e7ilerinize de\u011fer katacak e\u011fitici ve bilgilendirici i\u00e7erikler sunarak, onlar\u0131n ilgisini \u00e7ekebilir ve yay\u0131nlar\u0131n\u0131z\u0131n izlenme say\u0131s\u0131n\u0131 art\u0131rabilirsiniz.<\/li>\n<\/ol>\n<p>&nbsp;<\/p>\n<h2>Instagram Canl\u0131 Yay\u0131n \u0130zlenme Art\u0131rma Y\u00f6ntemleri<\/h2>\n<ol>\n<li><strong>Duyurular Yap\u0131n<\/strong>: Canl\u0131 yay\u0131na ba\u015flamadan \u00f6nce, takip\u00e7ilerinize duyuru yaparak onlar\u0131n ilgisini \u00e7ekin. Instagram hikayelerinde, g\u00f6nderilerde veya di\u011fer sosyal medya platformlar\u0131nda duyurular\u0131n\u0131z\u0131 yapabilirsiniz.<\/li>\n<li><strong>Konuyu Belirleyin<\/strong>: Canl\u0131 yay\u0131n\u0131n amac\u0131n\u0131 ve konusunu belirleyin. Takip\u00e7ilerinizin ilgisini \u00e7ekecek ve onlara de\u011fer katacak konular\u0131 tercih edin.<\/li>\n<li><strong>Zaman\u0131 \u0130yi Se\u00e7in<\/strong>: Takip\u00e7i kitlenizin en aktif oldu\u011fu saatlerde canl\u0131 yay\u0131n yapmak, izlenme say\u0131s\u0131n\u0131 art\u0131rmaya yard\u0131mc\u0131 olur.<\/li>\n<li><strong>\u0130leti\u015fimi G\u00fc\u00e7l\u00fc Tutun<\/strong>: Canl\u0131 yay\u0131n s\u0131ras\u0131nda takip\u00e7ilerinizle ileti\u015fim kurun ve onlar\u0131n sorular\u0131na yan\u0131t verin. Takip\u00e7ilerinizi selamlayarak ve isimlerini kullanarak onlara de\u011fer verdi\u011finizi g\u00f6sterin.<\/li>\n<li><strong>G\u00f6rsel ve \u0130\u015fitsel Kaliteye \u00d6zen G\u00f6sterin<\/strong>: Canl\u0131 yay\u0131n\u0131n\u0131z\u0131n g\u00f6rsel ve i\u015fitsel kalitesini y\u00fcksek tutarak, izleyicilerin ilgisini koruyun. Ayd\u0131nlatma ve kameran\u0131z\u0131n a\u00e7\u0131s\u0131n\u0131 kontrol ederek net ve kaliteli bir g\u00f6r\u00fcnt\u00fc sa\u011flay\u0131n. \u0130yi bir mikrofon kullanarak ses kalitesini art\u0131r\u0131n ve arka plandaki g\u00fcr\u00fclt\u00fcy\u00fc en aza indirin.<\/li>\n<li><strong>Canl\u0131 Yay\u0131n\u0131 Payla\u015f\u0131n ve Kaydedin<\/strong>: Canl\u0131 yay\u0131n\u0131n\u0131z\u0131 daha geni\u015f bir kitleye ula\u015ft\u0131rmak i\u00e7in yay\u0131n\u0131n ba\u015f\u0131nda ve devam\u0131nda, takip\u00e7ilerinizin yay\u0131n\u0131 arkada\u015flar\u0131yla payla\u015fmalar\u0131n\u0131 isteyin. Yay\u0131n\u0131n\u0131z\u0131 kaydedin ve daha sonra profilinizde veya di\u011fer sosyal medya platformlar\u0131nda payla\u015farak izlenme say\u0131s\u0131n\u0131 art\u0131r\u0131n.<\/li>\n<li><strong>Yay\u0131n\u0131n \u00d6zetini Payla\u015f\u0131n<\/strong>: <a href=\"https:\/\/www.facebook.com\/help\/instagram\/699289326902954\" target=\"_blank\" rel=\"noopener\">Canl\u0131 yay\u0131n<\/a> sonras\u0131nda, yay\u0131n\u0131n \u00f6zetini ve \u00f6nemli noktalar\u0131n\u0131 i\u00e7eren bir g\u00f6nderi payla\u015farak, izlemeyen takip\u00e7ilerinizin ilgisini \u00e7ekin.<\/li>\n<li><strong>Yay\u0131n\u0131 Payla\u015farak Etkile\u015fimi Art\u0131r\u0131n<\/strong>: Canl\u0131 yay\u0131n\u0131 profilinizde ve di\u011fer sosyal medya platformlar\u0131nda payla\u015farak, izlenme say\u0131s\u0131n\u0131 ve etkile\u015fimi art\u0131rabilirsiniz.<\/li>\n<li><strong>Takip\u00e7ilerinizle Etkile\u015fime Devam Edin<\/strong>: Yay\u0131n sonras\u0131nda takip\u00e7ilerinizin sorular\u0131n\u0131 ve yorumlar\u0131n\u0131 yan\u0131tlamaya devam ederek, izlenme say\u0131s\u0131n\u0131 ve etkile\u015fimi art\u0131rabilirsiniz.<\/li>\n<\/ol>\n<p>&nbsp;<\/p>\n<h2>S\u0131k Sorulan Sorular (SSS)<\/h2>\n<p>&nbsp;<\/p>\n<div class=\"uck-accordion \" id=\"oscitas-accordion-1\" itemscope itemtype=\"https:\/\/schema.org\/FAQPage\">        <div id=\"details-1-0\" class=\"uck-accordion--box\" itemscope itemprop=\"mainEntity\" itemtype=\"https:\/\/schema.org\/Question\">\r\n            <div class=\"uck-accordion--title\">\r\n              <div class=\"uck-accordion--toggle\" data-toggle=\"details-1-0\" data-parent=\"#oscitas-accordion-1\" itemprop=\"name\"><strong>Instagram canl\u0131 yay\u0131n izlenme say\u0131s\u0131 artt\u0131rma \u00f6nerileri nelerdir?<\/strong><\/div>\r\n            <\/div>\r\n            <div itemscope itemprop=\"acceptedAnswer\" itemtype=\"https:\/\/schema.org\/Answer\" class=\"uck-accordion--content\">\r\n              <div itemprop=\"text\" class=\"uck-accordion--body\"><p> \u00a0Instagram canl\u0131 yay\u0131n izlenme say\u0131s\u0131 artt\u0131rma \u00f6nerileri aras\u0131nda; duyurular yapmak, konuyu belirlemek, zaman\u0131 iyi se\u00e7mek, ileti\u015fimi g\u00fc\u00e7l\u00fc tutmak, g\u00f6rsel ve i\u015fitsel kaliteye \u00f6zen g\u00f6stermek, canl\u0131 yay\u0131n\u0131 payla\u015fmak ve kaydetmek, yay\u0131n\u0131n \u00f6zetini payla\u015fmak, etkile\u015fimi art\u0131rmak ve takip\u00e7ilerle etkile\u015fime devam etmek yer al\u0131r. <\/p>\n<\/div>\r\n            <\/div>\r\n        <\/div>        <div id=\"details-1-1\" class=\"uck-accordion--box\" itemscope itemprop=\"mainEntity\" itemtype=\"https:\/\/schema.org\/Question\">\r\n            <div class=\"uck-accordion--title\">\r\n              <div class=\"uck-accordion--toggle\" data-toggle=\"details-1-1\" data-parent=\"#oscitas-accordion-1\" itemprop=\"name\"><strong>Canl\u0131 yay\u0131n s\u0131ras\u0131nda takip\u00e7ilerle nas\u0131l etkile\u015fim kurabilirim?<\/strong> <\/div>\r\n            <\/div>\r\n            <div itemscope itemprop=\"acceptedAnswer\" itemtype=\"https:\/\/schema.org\/Answer\" class=\"uck-accordion--content\">\r\n              <div itemprop=\"text\" class=\"uck-accordion--body\"><p> Takip\u00e7ilerle etkile\u015fim kurmak i\u00e7in onlar\u0131 selamlayarak ve isimlerini kullanarak de\u011fer verdi\u011finizi g\u00f6sterin, sorular\u0131n\u0131 yan\u0131tlay\u0131n, enerjinizi y\u00fcksek tutun ve yay\u0131n\u0131 arkada\u015flar\u0131yla payla\u015fmalar\u0131n\u0131 isteyin. <\/p>\n<\/div>\r\n            <\/div>\r\n        <\/div>        <div id=\"details-1-2\" class=\"uck-accordion--box\" itemscope itemprop=\"mainEntity\" itemtype=\"https:\/\/schema.org\/Question\">\r\n            <div class=\"uck-accordion--title\">\r\n              <div class=\"uck-accordion--toggle\" data-toggle=\"details-1-2\" data-parent=\"#oscitas-accordion-1\" itemprop=\"name\"><strong>Canl\u0131 yay\u0131n sonras\u0131nda izlenme say\u0131s\u0131n\u0131 nas\u0131l art\u0131rabilirim?<\/strong><\/div>\r\n            <\/div>\r\n            <div itemscope itemprop=\"acceptedAnswer\" itemtype=\"https:\/\/schema.org\/Answer\" class=\"uck-accordion--content\">\r\n              <div itemprop=\"text\" class=\"uck-accordion--body\"><p> \u00a0Canl\u0131 yay\u0131n sonras\u0131nda izlenme say\u0131s\u0131n\u0131 art\u0131rmak i\u00e7in yay\u0131n\u0131n \u00f6zetini payla\u015f\u0131n, yay\u0131n\u0131 profilinizde ve di\u011fer sosyal medya platformlar\u0131nda payla\u015farak etkile\u015fimi art\u0131r\u0131n ve takip\u00e7ilerinizle etkile\u015fime devam edin. <\/p>\n<\/div>\r\n            <\/div>\r\n        <\/div><\/div>\n<p>&nbsp;<\/p>\n<h2>Sonu\u00e7<\/h2>\n<p><strong>Instagram canl\u0131 yay\u0131n izlenme say\u0131s\u0131 artt\u0131rma \u00f6nerileri<\/strong> sayesinde, canl\u0131 yay\u0131nlar\u0131n\u0131z\u0131n etkisini ve izlenme say\u0131s\u0131n\u0131 \u00f6nemli \u00f6l\u00e7\u00fcde art\u0131rabilirsiniz. Bu \u00f6nerileri uygulayarak takip\u00e7ilerinizle daha iyi etkile\u015fim kurabilir, markan\u0131z\u0131 veya ki\u015fisel imaj\u0131n\u0131z\u0131 daha geni\u015f bir kitleye ula\u015ft\u0131rabilirsiniz. Ba\u015far\u0131l\u0131 bir <strong>Instagram canl\u0131 yay\u0131n\u0131<\/strong> i\u00e7in haz\u0131rl\u0131k, canl\u0131 yay\u0131n s\u0131ras\u0131 ve sonras\u0131 d\u00f6nemlerde uygulanmas\u0131 gereken stratejilere dikkat edin ve takip\u00e7ilerinizle s\u00fcrekli ileti\u015fim halinde olun. Unutmay\u0131n, canl\u0131 yay\u0131nlar\u0131n\u0131z\u0131n ba\u015far\u0131s\u0131, sizin ve takip\u00e7ilerinizin etkile\u015fiminin g\u00fcc\u00fcne ba\u011fl\u0131d\u0131r!<\/p>\n<div class=\"flex-1 overflow-hidden\">\n<div class=\"react-scroll-to-bottom--css-hkyof-79elbk h-full dark:bg-gray-800\">\n<div class=\"react-scroll-to-bottom--css-hkyof-1n7m0yu\">\n<div class=\"flex flex-col items-center text-sm dark:bg-gray-800\">\n<div class=\"group w-full text-gray-800 dark:text-gray-100 border-b border-black\/10 dark:border-gray-900\/50 bg-gray-50 dark:bg-[#444654] sm:AIPRM__conversation__response\">\n<div class=\"text-base gap-4 md:gap-6 md:max-w-2xl lg:max-w-xl xl:max-w-3xl p-4 md:py-6 flex lg:px-0 m-auto\">\n<div class=\"relative flex w-[calc(100%-50px)] flex-col gap-1 md:gap-3 lg:w-[calc(100%-115px)]\">\n<div class=\"flex justify-between lg:block\">\n<div class=\"text-gray-400 flex self-end lg:self-center justify-center mt-2 gap-2 md:gap-3 lg:gap-1 lg:absolute lg:top-0 lg:translate-x-full lg:right-0 lg:mt-0 lg:pl-2 visible\"><\/div>\n<\/div>\n<\/div>\n<\/div>\n<\/div>\n<\/div>\n<\/div>\n<\/div>\n<\/div>\n<div class=\"bottom-0 left-0 w-full border-t dark:border-white\/20 md:bg-vert-light-gradient bg-white dark:bg-gray-800 dark:md:bg-vert-dark-gradient pt-2\">\n<form class=\"stretch mx-2 flex flex-row gap-3 last:mb-2 md:mx-4 md:last:mb-6 lg:mx-auto lg:max-w-2xl xl:max-w-3xl\">\n<div class=\"relative flex h-full flex-1 md:flex-col\">\n<div class=\"flex ml-1 md:w-full md:m-auto md:mb-2 gap-0 md:gap-2 justify-center\"><\/div>\n<\/div>\n<\/form>\n<\/div>\n<p>&nbsp;<\/p>\n<p>&nbsp;<\/p>\n","protected":false},"excerpt":{"rendered":"<p>Instagram, canl\u0131 yay\u0131n konusunda en pop\u00fcler sosyal medya platformlar\u0131ndan biridir ve kullan\u0131c\u0131lar\u0131n foto\u011fraf ve video payla\u015fmalar\u0131na ve bunlarla etkile\u015fim kurmalar\u0131na olanak tan\u0131r. Bir\u00e7ok ki\u015fi ve marka, takip\u00e7ileri ile an\u0131nda ileti\u015fim&#46;&#46;&#46;<\/p>\n","protected":false},"author":1,"featured_media":4335,"comment_status":"open","ping_status":"open","sticky":false,"template":"","format":"standard","meta":{"footnotes":""},"categories":[460],"tags":[],"class_list":["post-4334","post","type-post","status-publish","format-standard","has-post-thumbnail","hentry","category-instagram"],"_links":{"self":[{"href":"https:\/\/trmedya.co\/blog\/wp-json\/wp\/v2\/posts\/4334","targetHints":{"allow":["GET"]}}],"collection":[{"href":"https:\/\/trmedya.co\/blog\/wp-json\/wp\/v2\/posts"}],"about":[{"href":"https:\/\/trmedya.co\/blog\/wp-json\/wp\/v2\/types\/post"}],"author":[{"embeddable":true,"href":"https:\/\/trmedya.co\/blog\/wp-json\/wp\/v2\/users\/1"}],"replies":[{"embeddable":true,"href":"https:\/\/trmedya.co\/blog\/wp-json\/wp\/v2\/comments?post=4334"}],"version-history":[{"count":0,"href":"https:\/\/trmedya.co\/blog\/wp-json\/wp\/v2\/posts\/4334\/revisions"}],"wp:featuredmedia":[{"embeddable":true,"href":"https:\/\/trmedya.co\/blog\/wp-json\/wp\/v2\/media\/4335"}],"wp:attachment":[{"href":"https:\/\/trmedya.co\/blog\/wp-json\/wp\/v2\/media?parent=4334"}],"wp:term":[{"taxonomy":"category","embeddable":true,"href":"https:\/\/trmedya.co\/blog\/wp-json\/wp\/v2\/categories?post=4334"},{"taxonomy":"post_tag","embeddable":true,"href":"https:\/\/trmedya.co\/blog\/wp-json\/wp\/v2\/tags?post=4334"}],"curies":[{"name":"wp","href":"https:\/\/api.w.org\/{rel}","templated":true}]}}