{"id":873,"date":"2020-06-02T22:54:56","date_gmt":"2020-06-02T19:54:56","guid":{"rendered":"https:\/\/trmedya.co\/blog\/?p=873"},"modified":"2023-01-16T10:10:03","modified_gmt":"2023-01-16T07:10:03","slug":"acun-ilicali-kimdir-iste-hayati","status":"publish","type":"post","link":"https:\/\/trmedya.co\/blog\/acun-ilicali-kimdir-iste-hayati\/","title":{"rendered":"Acun Il\u0131cal\u0131 kimdir? \u0130\u015fte Hayat\u0131;"},"content":{"rendered":"\n<h2 class=\"wp-block-heading\">Acun Il\u0131cal\u0131 kimdir? \u0130\u015fte Hayat\u0131;<\/h2>\n\n\n\n<p>Acun Il\u0131cal\u0131 kimdir? Acun Il\u0131can\u0131n hayat\u0131na hepimiz imreniriz \u00f6yle de\u011fil mi ? En az bir kez bile ben de <strong>&#8216;Onun kadar zengin olsam&#8217;<\/strong> ke\u015fke diyerek i\u00e7imizden ge\u00e7irmi\u015fizdir. Yapt\u0131\u011f\u0131 programlar, gezdi\u011fi \u00fclkeler, TV 8 kanal\u0131n\u0131 sat\u0131n almas\u0131 hepimizin az \u00e7ok hayalidir. \u0130\u015fte sizin i\u00e7in Acun Il\u0131cal\u0131 nas\u0131l ba\u015farm\u0131\u015f makalemizde yazd\u0131k.<\/p>\n\n\n\n<p>29 May\u0131s 1969\u2019da Edirne\u2019de g\u00f6zlerini d\u00fcnya dedi\u011fimiz gezegene a\u00e7t\u0131. \u0130lk ve orta \u00f6\u011fretimini Edirne\u2019de bulunan \u0130stiklal \u0130lk\u00f6\u011fretim Okulunda tamamlad\u0131. Lise ve \u00dcniversite hayat\u0131n\u0131 ise \u0130stanbul\u2019da ge\u00e7irdi. \u0130stanbul Kad\u0131k\u00f6y Maarif kolejine girdikten sonra, Kad\u0131k\u00f6y Anadolu lisesinde tamamlad\u0131. Akabinde \u0130stanbul \u00dcniversitesi \u0130ngilizce \u00d6\u011fretmenli\u011fi b\u00f6l\u00fcm\u00fcne girdi. Bu b\u00f6l\u00fcm\u00fc ne yaz\u0131k ki 7 y\u0131lda tamamlayamad\u0131 ve okulu b\u0131rakt\u0131.<\/p>\n\n\n\n<figure class=\"wp-block-image size-large\"><img loading=\"lazy\" decoding=\"async\" width=\"1000\" height=\"541\" src=\"https:\/\/trmedya.co\/blog\/wp-content\/uploads\/2020\/06\/acun-ilicali-kimdir-iste-hayati.jpg\" alt=\"Acun Il\u0131cal\u0131\" class=\"wp-image-874\" title=\"\"><figcaption>Acun Il\u0131cal\u0131<\/figcaption><\/figure>\n\n\n\n<h2 class=\"wp-block-heading\">Acun Il\u0131cal\u0131 Zor Zamanlar\u0131<\/h2>\n\n\n\n<p>Hayat\u0131n\u0131n bahar\u0131nda iken daha 19 ya\u015f\u0131nda Seda Il\u0131cal\u0131 ile d\u00fcnya evine girdi. Bu Evlilikten bir k\u0131z \u00e7ocu\u011funa sahip oldu. \u0130\u015fte Tam da buradan sonra hayattan yedi\u011fi tokatlar s\u0131ras\u0131 ile kar\u015f\u0131s\u0131na \u00e7\u0131kacakt\u0131. K\u0131z\u0131n\u0131n do\u011fumundan k\u0131sa bir s\u00fcre sonra annesi ve babas\u0131n\u0131 trafik kazas\u0131nda kaybetti. Bu s\u0131ralar hen\u00fcz 20 ya\u015f\u0131ndayd\u0131. Ya\u015fad\u0131\u011f\u0131 depresyonun etkisinden olacak ki e\u015fi Seda Il\u0131cal\u0131dan bo\u015fand\u0131. 1995 senesinde ticarete at\u0131lm\u0131\u015ft\u0131.Ge\u00e7imini a\u00e7t\u0131\u011f\u0131 kot d\u00fckk\u00e2n\u0131ndan sa\u011fl\u0131yordu. Fakat bu D\u00fckk\u00e2nda fazla dayanamad\u0131 ve batt\u0131.<\/p>\n\n\n\n<p>\u015eimdi paras\u0131zd\u0131 ve ne yapaca\u011f\u0131n\u0131 kara kara d\u00fc\u015f\u00fcn\u00fcrken kendisinin tabiri ile <strong>\u201cyoldan ge\u00e7erken bir arkada\u015f\u0131m\u0131n vas\u0131tas\u0131 ile Show TV\u2019ye girdim ve muhabir olarak i\u015fe ba\u015flad\u0131m.\u201d<\/strong> Diyerek Show TV ser\u00fcveninin nas\u0131l ba\u015flad\u0131\u011f\u0131n\u0131 anlat\u0131yordu Acun Il\u0131cal\u0131. &nbsp;<\/p>\n\n\n\n<h3 class=\"wp-block-heading\">Show TV Ser\u00fcveni<\/h3>\n\n\n\n<p>Show TV de Acun firar \u2019da program\u0131n\u0131 sunmaya ba\u015flad\u0131.<\/p>\n\n\n\n<p>\u00dclkeleri ve \u015eehirleri gezerek program yap\u0131yordu. Tam da Onun istedi\u011fi bir i\u015fti. Fakat Fazla yerinde durmad\u0131 ve Acun Medya adl\u0131 yap\u0131m \u015firketini kurdu.<\/p>\n\n\n\n<p>Fear Factor, Survivor K\u0131zlar-Erkekler, Survivor T\u00fcrkiye-Yunanistan, Survivor Aslanlar-Kanaryalar, Var m\u0131s\u0131n Yok musun, Yetenek sizsiniz, Yok B\u00f6yle Dans gibi bir\u00e7ok formatta ba\u015far\u0131l\u0131 i\u015flere imza att\u0131. &nbsp;\u015eu s\u0131ralar ise Survivor\u2019\u0131n Yunanistan\u2019daki yap\u0131mc\u0131l\u0131\u011f\u0131n\u0131 \u00fcstlendi ve Yunanistan\u2019da Survivor program\u0131n\u0131 yapmakta bir hayli kararl\u0131 g\u00f6z\u00fck\u00fcyor.<\/p>\n\n\n\n<p>Yapt\u0131\u011f\u0131 ba\u015far\u0131l\u0131 i\u015flerin yan\u0131 s\u0131ra \u2018<strong>81 il 81 okul\u2019 <\/strong>sosyal sorumluluk projesi i\u00e7in program yapt\u0131 ve toplam 3 milyon 725 bin 563 TL yard\u0131m toplad\u0131. 2003 y\u0131l\u0131nda ikinci evlili\u011fini Zeynep Il\u0131cal\u0131 ile yapt\u0131. Acun, bu evlilikten Yasemin ve Leyla Adl\u0131 2 k\u0131z \u00e7ocu\u011funa sahip oldu.<\/p>\n\n\n\n<p>14 Kas\u0131m 2013 y\u0131l\u0131nda TV8 kanal\u0131n\u0131 sat\u0131n alarak kendini medya patronlar\u0131n\u0131n aras\u0131na yazd\u0131rd\u0131 ve T\u00fcm programlar\u0131n\u0131 da kendi kanal\u0131nda yay\u0131nlad\u0131.<\/p>\n\n\n\n<p>\u015eeyma Suba\u015f\u0131 ile ilk kar\u015f\u0131la\u015fmas\u0131 \u2018Var m\u0131s\u0131n Yok musun\u2019 program\u0131 ile oldu ve bu programdan 69 bin TL kazand\u0131. Bu yar\u0131\u015fma program\u0131ndan sonra \u2018Yok B\u00f6yle Dans\u2019 program\u0131nda kost\u00fcm tasar\u0131m\u0131 i\u00e7in birisi gerekiyordu. Acunun karde\u015fi \u015eeyma suba\u015f\u0131n\u0131 \u00f6nerdi. Bu ili\u015fki zamanla geli\u015fti ve Melisa ad\u0131na bir k\u0131z \u00e7ocuklar\u0131 oldu.<\/p>\n\n\n\n<h4 class=\"wp-block-heading\">Acun Il\u0131cal\u0131 \u0130nstagram Rekoru K\u0131rd\u0131<\/h4>\n\n\n\n<p>\u00dcnl\u00fc televizyoncu Acun Il\u0131cal\u0131 ge\u00e7ti\u011fimiz g\u00fcnlerde survivor yar\u0131\u015fmac\u0131lar\u0131 ile beraber yapt\u0131\u011f\u0131 \u0130nstagram canl\u0131 yay\u0131n\u0131nda 1 M izleyici ile bir rekora imza att\u0131.13 Milyon 300 bin takip\u00e7isi olan \u00fcnl\u00fc televizyoncu Acun Il\u0131cal\u0131 Survivor yar\u0131\u015fmac\u0131lar\u0131 ile beraber yine \u0130nstagram \u00fczerinden bir canl\u0131 yay\u0131n a\u00e7t\u0131 ve rekor k\u0131rd\u0131. Canl\u0131 yay\u0131nda 3 milyon izlenmeye ula\u015fan Acun Il\u0131cal\u0131 \u00f6nceki rekorun sahibi 2 milyon ki\u015fi ile rap\u00e7i Tekashi69\u2019nin elinden ald\u0131.<\/p>\n\n\n\n<p><\/p>\n","protected":false},"excerpt":{"rendered":"<p>Acun Il\u0131cal\u0131 kimdir? \u0130\u015fte Hayat\u0131; Acun Il\u0131cal\u0131 kimdir? Acun Il\u0131can\u0131n hayat\u0131na hepimiz imreniriz \u00f6yle de\u011fil mi ? En az bir kez bile ben de &#8216;Onun kadar zengin olsam&#8217; ke\u015fke diyerek&#46;&#46;&#46;<\/p>\n","protected":false},"author":1,"featured_media":874,"comment_status":"open","ping_status":"open","sticky":false,"template":"","format":"standard","meta":{"footnotes":""},"categories":[1],"tags":[],"class_list":["post-873","post","type-post","status-publish","format-standard","has-post-thumbnail","hentry","category-genel"],"_links":{"self":[{"href":"https:\/\/trmedya.co\/blog\/wp-json\/wp\/v2\/posts\/873","targetHints":{"allow":["GET"]}}],"collection":[{"href":"https:\/\/trmedya.co\/blog\/wp-json\/wp\/v2\/posts"}],"about":[{"href":"https:\/\/trmedya.co\/blog\/wp-json\/wp\/v2\/types\/post"}],"author":[{"embeddable":true,"href":"https:\/\/trmedya.co\/blog\/wp-json\/wp\/v2\/users\/1"}],"replies":[{"embeddable":true,"href":"https:\/\/trmedya.co\/blog\/wp-json\/wp\/v2\/comments?post=873"}],"version-history":[{"count":0,"href":"https:\/\/trmedya.co\/blog\/wp-json\/wp\/v2\/posts\/873\/revisions"}],"wp:featuredmedia":[{"embeddable":true,"href":"https:\/\/trmedya.co\/blog\/wp-json\/wp\/v2\/media\/874"}],"wp:attachment":[{"href":"https:\/\/trmedya.co\/blog\/wp-json\/wp\/v2\/media?parent=873"}],"wp:term":[{"taxonomy":"category","embeddable":true,"href":"https:\/\/trmedya.co\/blog\/wp-json\/wp\/v2\/categories?post=873"},{"taxonomy":"post_tag","embeddable":true,"href":"https:\/\/trmedya.co\/blog\/wp-json\/wp\/v2\/tags?post=873"}],"curies":[{"name":"wp","href":"https:\/\/api.w.org\/{rel}","templated":true}]}}